{"id":93265,"date":"2025-02-11T19:47:50","date_gmt":"2025-02-11T19:47:50","guid":{"rendered":"https:\/\/estado29.mx\/?p=93265"},"modified":"2025-02-11T19:47:51","modified_gmt":"2025-02-11T19:47:51","slug":"invita-centro-cultural-a-ninos-y-ninas-de-huamantla-a-sumarse-al-taller-de-lectura","status":"publish","type":"post","link":"https:\/\/estado29.mx\/?p=93265","title":{"rendered":"Invita Centro Cultural a ni\u00f1os y ni\u00f1as de Huamantla a sumarse al Taller de Lectura."},"content":{"rendered":"\n<p><br>Directivos de El Centro Cultural Huamantla, en coordinaci\u00f3n con Silvia Rojas, hacen extensa la invitaci\u00f3n a peque\u00f1os en edades de entre 6 y 12 a\u00f1os, a participar en el Taller de Lectura, que se llevar\u00e1 a cabo los d\u00edas martes y jueves, de cuatro a seis de la tarde.<\/p>\n\n\n\n<p><br>Silvia Rojas, destac\u00f3 la importancia de fomentar en la ni\u00f1ez del municipio de Huamantla, el gusto por la lectura.<\/p>\n\n\n\n<p><br>Asimismo, dijo que a pesar de que este taller ya ha iniciado, a\u00fan hay espacio para los ni\u00f1os que deseen sumarse.<\/p>\n\n\n<figure class=\"wp-block-post-featured-image\"><img loading=\"lazy\" decoding=\"async\" width=\"928\" height=\"1501\" src=\"https:\/\/estado29.mx\/wp-content\/uploads\/2025\/02\/IMG-20250210-WA0014.jpg\" class=\"attachment-post-thumbnail size-post-thumbnail wp-post-image\" alt=\"\" style=\"object-fit:cover;\" srcset=\"https:\/\/estado29.mx\/wp-content\/uploads\/2025\/02\/IMG-20250210-WA0014.jpg 928w, https:\/\/estado29.mx\/wp-content\/uploads\/2025\/02\/IMG-20250210-WA0014-185x300.jpg 185w, https:\/\/estado29.mx\/wp-content\/uploads\/2025\/02\/IMG-20250210-WA0014-633x1024.jpg 633w, https:\/\/estado29.mx\/wp-content\/uploads\/2025\/02\/IMG-20250210-WA0014-768x1242.jpg 768w, https:\/\/estado29.mx\/wp-content\/uploads\/2025\/02\/IMG-20250210-WA0014-750x1213.jpg 750w\" sizes=\"auto, (max-width: 928px) 100vw, 928px\" \/><\/figure>","protected":false},"excerpt":{"rendered":"<p>Directivos de El Centro Cultural Huamantla, en coordinaci\u00f3n con Silvia Rojas, hacen extensa la invitaci\u00f3n a peque\u00f1os en edades de entre 6 y 12 a\u00f1os, a participar en el Taller de Lectura, que se llevar\u00e1 a cabo los d\u00edas martes y jueves, de cuatro a seis de la tarde. Silvia Rojas, destac\u00f3 la importancia de [&hellip;]<\/p>\n","protected":false},"author":7,"featured_media":93266,"comment_status":"open","ping_status":"open","sticky":false,"template":"","format":"standard","meta":{"om_disable_all_campaigns":false,"_monsterinsights_skip_tracking":false,"_monsterinsights_sitenote_active":false,"_monsterinsights_sitenote_note":"","_monsterinsights_sitenote_category":0,"jnews-multi-image_gallery":[],"jnews_single_post":{"format":"standard"},"jnews_primary_category":[],"footnotes":""},"categories":[1],"tags":[],"class_list":["post-93265","post","type-post","status-publish","format-standard","has-post-thumbnail","hentry","category-uncategorized"],"aioseo_notices":[],"_links":{"self":[{"href":"https:\/\/estado29.mx\/index.php?rest_route=\/wp\/v2\/posts\/93265","targetHints":{"allow":["GET"]}}],"collection":[{"href":"https:\/\/estado29.mx\/index.php?rest_route=\/wp\/v2\/posts"}],"about":[{"href":"https:\/\/estado29.mx\/index.php?rest_route=\/wp\/v2\/types\/post"}],"author":[{"embeddable":true,"href":"https:\/\/estado29.mx\/index.php?rest_route=\/wp\/v2\/users\/7"}],"replies":[{"embeddable":true,"href":"https:\/\/estado29.mx\/index.php?rest_route=%2Fwp%2Fv2%2Fcomments&post=93265"}],"version-history":[{"count":1,"href":"https:\/\/estado29.mx\/index.php?rest_route=\/wp\/v2\/posts\/93265\/revisions"}],"predecessor-version":[{"id":93267,"href":"https:\/\/estado29.mx\/index.php?rest_route=\/wp\/v2\/posts\/93265\/revisions\/93267"}],"wp:featuredmedia":[{"embeddable":true,"href":"https:\/\/estado29.mx\/index.php?rest_route=\/wp\/v2\/media\/93266"}],"wp:attachment":[{"href":"https:\/\/estado29.mx\/index.php?rest_route=%2Fwp%2Fv2%2Fmedia&parent=93265"}],"wp:term":[{"taxonomy":"category","embeddable":true,"href":"https:\/\/estado29.mx\/index.php?rest_route=%2Fwp%2Fv2%2Fcategories&post=93265"},{"taxonomy":"post_tag","embeddable":true,"href":"https:\/\/estado29.mx\/index.php?rest_route=%2Fwp%2Fv2%2Ftags&post=93265"}],"curies":[{"name":"wp","href":"https:\/\/api.w.org\/{rel}","templated":true}]}}