{"id":93281,"date":"2025-02-11T20:33:56","date_gmt":"2025-02-11T20:33:56","guid":{"rendered":"https:\/\/estado29.mx\/?p=93281"},"modified":"2025-02-11T20:33:57","modified_gmt":"2025-02-11T20:33:57","slug":"concluye-entrega-e-instalacion-de-calentadores-solares-gratuitos-en-beneficio-de-58-ciudadanos-de-ixtenco","status":"publish","type":"post","link":"https:\/\/estado29.mx\/?p=93281","title":{"rendered":"Concluye entrega e instalaci\u00f3n de calentadores solares gratuitos en beneficio de 58 ciudadanos de Ixtenco."},"content":{"rendered":"\n<p><\/p>\n\n\n\n<p>En un esfuerzo coordinado con la Secretar\u00eda de Bienestar del Estado, concluy\u00f3 la instalaci\u00f3n de calentadores solares gratuitos, beneficiando a 58 ciudadanos de Ixtenco. Esta acci\u00f3n contribuye a la reducci\u00f3n del gasto familiar y fomenta el uso de energ\u00edas limpias, disminuyendo la dependencia de combustibles f\u00f3siles.<\/p>\n\n\n\n<p>La Presidenta Municipal, Miriam Aline Lazo Caballero, destac\u00f3 que si bien estos programas son de car\u00e1cter estatal, el Gobierno Municipal trabaja activamente en su gesti\u00f3n, para ampliar el n\u00famero de beneficiarios y mejorar la calidad de vida de la poblaci\u00f3n.<\/p>\n\n\n\n<figure class=\"wp-block-image size-large\"><img loading=\"lazy\" decoding=\"async\" width=\"770\" height=\"1024\" src=\"https:\/\/estado29.mx\/wp-content\/uploads\/2025\/02\/IMG-20250211-WA0016-770x1024.jpg\" alt=\"\" class=\"wp-image-93283\" srcset=\"https:\/\/estado29.mx\/wp-content\/uploads\/2025\/02\/IMG-20250211-WA0016-770x1024.jpg 770w, https:\/\/estado29.mx\/wp-content\/uploads\/2025\/02\/IMG-20250211-WA0016-226x300.jpg 226w, https:\/\/estado29.mx\/wp-content\/uploads\/2025\/02\/IMG-20250211-WA0016-768x1021.jpg 768w, https:\/\/estado29.mx\/wp-content\/uploads\/2025\/02\/IMG-20250211-WA0016-750x997.jpg 750w, https:\/\/estado29.mx\/wp-content\/uploads\/2025\/02\/IMG-20250211-WA0016.jpg 963w\" sizes=\"auto, (max-width: 770px) 100vw, 770px\" \/><\/figure>\n\n\n\n<p>Por su parte, la Coordinadora del Bienestar Municipal, Ana Laura Moreno Escalona, destac\u00f3 que estos apoyos representan un alivio significativo para la econom\u00eda de las familias, reafirmando el compromiso con el bienestar de la comunidad.<\/p>\n\n\n\n<figure class=\"wp-block-image size-large\"><img loading=\"lazy\" decoding=\"async\" width=\"576\" height=\"1024\" src=\"https:\/\/estado29.mx\/wp-content\/uploads\/2025\/02\/IMG-20250211-WA0022-576x1024.jpg\" alt=\"\" class=\"wp-image-93284\" srcset=\"https:\/\/estado29.mx\/wp-content\/uploads\/2025\/02\/IMG-20250211-WA0022-576x1024.jpg 576w, https:\/\/estado29.mx\/wp-content\/uploads\/2025\/02\/IMG-20250211-WA0022-169x300.jpg 169w, https:\/\/estado29.mx\/wp-content\/uploads\/2025\/02\/IMG-20250211-WA0022.jpg 720w\" sizes=\"auto, (max-width: 576px) 100vw, 576px\" \/><\/figure>\n\n\n\n<p>Miriam Aline Lazo Caballero, agreg\u00f3 que el Gobierno Municipal de Ixtenco, continuar\u00e1 gestionando programas y acciones que fortalezcan el desarrollo y la calidad de vida de sus ciudadanos.<\/p>\n\n\n\n<p>Asimismo, la edil extern\u00f3 su agradecimiento a Fernanda Espinosa de los Monteros Cu\u00e9llar, Presidenta Honor\u00edfica del Comit\u00e9 Consultivo de Bienestar y Desarrollo Social de Tlaxcala, y a Mar\u00eda Estela \u00c1lvarez Corona, titular de la Secretar\u00eda de Bienestar, por su invaluable apoyo en la implementaci\u00f3n de estos programas en beneficio de la comunidad.<\/p>\n\n\n<figure class=\"wp-block-post-featured-image\"><img loading=\"lazy\" decoding=\"async\" width=\"1280\" height=\"720\" src=\"https:\/\/estado29.mx\/wp-content\/uploads\/2025\/02\/IMG-20250211-WA0013.jpg\" class=\"attachment-post-thumbnail size-post-thumbnail wp-post-image\" alt=\"\" style=\"object-fit:cover;\" srcset=\"https:\/\/estado29.mx\/wp-content\/uploads\/2025\/02\/IMG-20250211-WA0013.jpg 1280w, https:\/\/estado29.mx\/wp-content\/uploads\/2025\/02\/IMG-20250211-WA0013-300x169.jpg 300w, https:\/\/estado29.mx\/wp-content\/uploads\/2025\/02\/IMG-20250211-WA0013-1024x576.jpg 1024w, https:\/\/estado29.mx\/wp-content\/uploads\/2025\/02\/IMG-20250211-WA0013-768x432.jpg 768w, https:\/\/estado29.mx\/wp-content\/uploads\/2025\/02\/IMG-20250211-WA0013-750x422.jpg 750w, https:\/\/estado29.mx\/wp-content\/uploads\/2025\/02\/IMG-20250211-WA0013-1140x641.jpg 1140w\" sizes=\"auto, (max-width: 1280px) 100vw, 1280px\" \/><\/figure>","protected":false},"excerpt":{"rendered":"<p>En un esfuerzo coordinado con la Secretar\u00eda de Bienestar del Estado, concluy\u00f3 la instalaci\u00f3n de calentadores solares gratuitos, beneficiando a 58 ciudadanos de Ixtenco. Esta acci\u00f3n contribuye a la reducci\u00f3n del gasto familiar y fomenta el uso de energ\u00edas limpias, disminuyendo la dependencia de combustibles f\u00f3siles. La Presidenta Municipal, Miriam Aline Lazo Caballero, destac\u00f3 que [&hellip;]<\/p>\n","protected":false},"author":7,"featured_media":93282,"comment_status":"open","ping_status":"open","sticky":false,"template":"","format":"standard","meta":{"om_disable_all_campaigns":false,"_monsterinsights_skip_tracking":false,"_monsterinsights_sitenote_active":false,"_monsterinsights_sitenote_note":"","_monsterinsights_sitenote_category":0,"jnews-multi-image_gallery":[],"jnews_single_post":{"format":"standard"},"jnews_primary_category":[],"footnotes":""},"categories":[1],"tags":[],"class_list":["post-93281","post","type-post","status-publish","format-standard","has-post-thumbnail","hentry","category-uncategorized"],"aioseo_notices":[],"_links":{"self":[{"href":"https:\/\/estado29.mx\/index.php?rest_route=\/wp\/v2\/posts\/93281","targetHints":{"allow":["GET"]}}],"collection":[{"href":"https:\/\/estado29.mx\/index.php?rest_route=\/wp\/v2\/posts"}],"about":[{"href":"https:\/\/estado29.mx\/index.php?rest_route=\/wp\/v2\/types\/post"}],"author":[{"embeddable":true,"href":"https:\/\/estado29.mx\/index.php?rest_route=\/wp\/v2\/users\/7"}],"replies":[{"embeddable":true,"href":"https:\/\/estado29.mx\/index.php?rest_route=%2Fwp%2Fv2%2Fcomments&post=93281"}],"version-history":[{"count":1,"href":"https:\/\/estado29.mx\/index.php?rest_route=\/wp\/v2\/posts\/93281\/revisions"}],"predecessor-version":[{"id":93285,"href":"https:\/\/estado29.mx\/index.php?rest_route=\/wp\/v2\/posts\/93281\/revisions\/93285"}],"wp:featuredmedia":[{"embeddable":true,"href":"https:\/\/estado29.mx\/index.php?rest_route=\/wp\/v2\/media\/93282"}],"wp:attachment":[{"href":"https:\/\/estado29.mx\/index.php?rest_route=%2Fwp%2Fv2%2Fmedia&parent=93281"}],"wp:term":[{"taxonomy":"category","embeddable":true,"href":"https:\/\/estado29.mx\/index.php?rest_route=%2Fwp%2Fv2%2Fcategories&post=93281"},{"taxonomy":"post_tag","embeddable":true,"href":"https:\/\/estado29.mx\/index.php?rest_route=%2Fwp%2Fv2%2Ftags&post=93281"}],"curies":[{"name":"wp","href":"https:\/\/api.w.org\/{rel}","templated":true}]}}