{"id":93309,"date":"2025-02-13T04:52:30","date_gmt":"2025-02-13T04:52:30","guid":{"rendered":"https:\/\/estado29.mx\/?p=93309"},"modified":"2025-02-13T20:04:27","modified_gmt":"2025-02-13T20:04:27","slug":"zitlaltepec-de-trinidad-sanchez-santos-sede-de-mesa-de-seguridad-para-la-construccion-de-paz-en-el-estado-de-tlaxcala","status":"publish","type":"post","link":"https:\/\/estado29.mx\/?p=93309","title":{"rendered":"Zitlaltepec de Trinidad S\u00e1nchez Santos Sede de Mesa de Seguridad para la Construcci\u00f3n de Paz en el Estado de Tlaxcala."},"content":{"rendered":"\n<p><br>Este mi\u00e9rcoles 12 de febrero, se llev\u00f3 a cabo en el Municipio de Zitlaltepec de Trinidad S\u00e1nchez Santos, una Mesa de Seguridad para la Construcci\u00f3n de Paz en el Estado de Tlaxcala, Regi\u00f3n 1 Apizaco.<\/p>\n\n\n\n<figure class=\"wp-block-image size-large\"><img loading=\"lazy\" decoding=\"async\" width=\"1024\" height=\"771\" src=\"https:\/\/estado29.mx\/wp-content\/uploads\/2025\/02\/IMG-20250212-WA0029-1024x771.jpg\" alt=\"\" class=\"wp-image-93311\" srcset=\"https:\/\/estado29.mx\/wp-content\/uploads\/2025\/02\/IMG-20250212-WA0029-1024x771.jpg 1024w, https:\/\/estado29.mx\/wp-content\/uploads\/2025\/02\/IMG-20250212-WA0029-300x226.jpg 300w, https:\/\/estado29.mx\/wp-content\/uploads\/2025\/02\/IMG-20250212-WA0029-768x578.jpg 768w, https:\/\/estado29.mx\/wp-content\/uploads\/2025\/02\/IMG-20250212-WA0029-1536x1156.jpg 1536w, https:\/\/estado29.mx\/wp-content\/uploads\/2025\/02\/IMG-20250212-WA0029-750x564.jpg 750w, https:\/\/estado29.mx\/wp-content\/uploads\/2025\/02\/IMG-20250212-WA0029-1140x858.jpg 1140w, https:\/\/estado29.mx\/wp-content\/uploads\/2025\/02\/IMG-20250212-WA0029.jpg 1600w\" sizes=\"auto, (max-width: 1024px) 100vw, 1024px\" \/><\/figure>\n\n\n\n<p><br>Dicha Regi\u00f3n, encabezada por Eugenia Magdalena Brindis C\u00e1rdenas, Coordinadora de la Mesa de Seguridad para la Construcci\u00f3n de Paz, que comprende 19 municipios de la Regi\u00f3n Oriente del Estado, en la que participaron presidentes municipales de Huamantla, Apizaco, Atlangatepec, Atltzayanca, Cuapiaxtla, Cuaxomulco, El Carmen Tequexquitla, Emiliano Zapata, Ixtenco, L\u00e1zaro C\u00e1rdenas, San Jos\u00e9 Teacalco, Santa Cruz Tlaxcala, Terrenate, Tetla de la Solidaridad, Tlaxco, Tocatl\u00e1n, Tzompantepec, Xalostoc y Zitlaltepec de Trinidad S\u00e1nchez Santos.<\/p>\n\n\n\n<figure class=\"wp-block-image size-large\"><img loading=\"lazy\" decoding=\"async\" width=\"1024\" height=\"771\" src=\"https:\/\/estado29.mx\/wp-content\/uploads\/2025\/02\/IMG-20250212-WA0030-1024x771.jpg\" alt=\"\" class=\"wp-image-93312\" srcset=\"https:\/\/estado29.mx\/wp-content\/uploads\/2025\/02\/IMG-20250212-WA0030-1024x771.jpg 1024w, https:\/\/estado29.mx\/wp-content\/uploads\/2025\/02\/IMG-20250212-WA0030-300x226.jpg 300w, https:\/\/estado29.mx\/wp-content\/uploads\/2025\/02\/IMG-20250212-WA0030-768x578.jpg 768w, https:\/\/estado29.mx\/wp-content\/uploads\/2025\/02\/IMG-20250212-WA0030-1536x1156.jpg 1536w, https:\/\/estado29.mx\/wp-content\/uploads\/2025\/02\/IMG-20250212-WA0030-750x564.jpg 750w, https:\/\/estado29.mx\/wp-content\/uploads\/2025\/02\/IMG-20250212-WA0030-1140x858.jpg 1140w, https:\/\/estado29.mx\/wp-content\/uploads\/2025\/02\/IMG-20250212-WA0030.jpg 1600w\" sizes=\"auto, (max-width: 1024px) 100vw, 1024px\" \/><\/figure>\n\n\n\n<p><br>Asimismo, estuvieron presentes elementos del Centro Nacional de Inteligencia (CNI), Secretar\u00eda de la Defensa Nacional (SEDENA) Guardia Nacional, Ej\u00e9rcito Mexicano, Fiscal\u00eda General de la Rep\u00fablica (FGR), BIENESTAR, Fiscal\u00eda General de Justicia del Estado (FGJE) y Secretar\u00eda de Seguridad Ciudadana de Tlaxcala (SSC).<\/p>\n\n\n\n<figure class=\"wp-block-image size-large\"><img loading=\"lazy\" decoding=\"async\" width=\"1024\" height=\"768\" src=\"https:\/\/estado29.mx\/wp-content\/uploads\/2025\/02\/IMG-20250212-WA0034-1024x768.jpg\" alt=\"\" class=\"wp-image-93313\" srcset=\"https:\/\/estado29.mx\/wp-content\/uploads\/2025\/02\/IMG-20250212-WA0034-1024x768.jpg 1024w, https:\/\/estado29.mx\/wp-content\/uploads\/2025\/02\/IMG-20250212-WA0034-300x225.jpg 300w, https:\/\/estado29.mx\/wp-content\/uploads\/2025\/02\/IMG-20250212-WA0034-768x576.jpg 768w, https:\/\/estado29.mx\/wp-content\/uploads\/2025\/02\/IMG-20250212-WA0034-1536x1152.jpg 1536w, https:\/\/estado29.mx\/wp-content\/uploads\/2025\/02\/IMG-20250212-WA0034-750x563.jpg 750w, https:\/\/estado29.mx\/wp-content\/uploads\/2025\/02\/IMG-20250212-WA0034-1140x855.jpg 1140w, https:\/\/estado29.mx\/wp-content\/uploads\/2025\/02\/IMG-20250212-WA0034.jpg 1600w\" sizes=\"auto, (max-width: 1024px) 100vw, 1024px\" \/><\/figure>\n\n\n\n<p><br>De igual forma, estuvo encabezada por Luis Alberto Fern\u00e1ndez Ortega, Comisario de Seguridad P\u00fablica Municipal de Zitlaltepec de Trinidad S\u00e1nchez Santos, quien detall\u00f3 que estas mesas de seguridad, tienen como objetivo crear estrategias de forma conjunta, para garantizar el bienestar de la poblaci\u00f3n en la regi\u00f3n.<\/p>\n\n\n<figure class=\"wp-block-post-featured-image\"><img loading=\"lazy\" decoding=\"async\" width=\"1600\" height=\"1200\" src=\"https:\/\/estado29.mx\/wp-content\/uploads\/2025\/02\/IMG-20250212-WA0033.jpg\" class=\"attachment-post-thumbnail size-post-thumbnail wp-post-image\" alt=\"\" style=\"object-fit:cover;\" srcset=\"https:\/\/estado29.mx\/wp-content\/uploads\/2025\/02\/IMG-20250212-WA0033.jpg 1600w, https:\/\/estado29.mx\/wp-content\/uploads\/2025\/02\/IMG-20250212-WA0033-300x225.jpg 300w, https:\/\/estado29.mx\/wp-content\/uploads\/2025\/02\/IMG-20250212-WA0033-1024x768.jpg 1024w, https:\/\/estado29.mx\/wp-content\/uploads\/2025\/02\/IMG-20250212-WA0033-768x576.jpg 768w, https:\/\/estado29.mx\/wp-content\/uploads\/2025\/02\/IMG-20250212-WA0033-1536x1152.jpg 1536w, https:\/\/estado29.mx\/wp-content\/uploads\/2025\/02\/IMG-20250212-WA0033-750x563.jpg 750w, https:\/\/estado29.mx\/wp-content\/uploads\/2025\/02\/IMG-20250212-WA0033-1140x855.jpg 1140w\" sizes=\"auto, (max-width: 1600px) 100vw, 1600px\" \/><\/figure>","protected":false},"excerpt":{"rendered":"<p>Este mi\u00e9rcoles 12 de febrero, se llev\u00f3 a cabo en el Municipio de Zitlaltepec de Trinidad S\u00e1nchez Santos, una Mesa de Seguridad para la Construcci\u00f3n de Paz en el Estado de Tlaxcala, Regi\u00f3n 1 Apizaco. Dicha Regi\u00f3n, encabezada por Eugenia Magdalena Brindis C\u00e1rdenas, Coordinadora de la Mesa de Seguridad para la Construcci\u00f3n de Paz, que [&hellip;]<\/p>\n","protected":false},"author":7,"featured_media":93310,"comment_status":"open","ping_status":"open","sticky":false,"template":"","format":"standard","meta":{"om_disable_all_campaigns":false,"_monsterinsights_skip_tracking":false,"_monsterinsights_sitenote_active":false,"_monsterinsights_sitenote_note":"","_monsterinsights_sitenote_category":0,"jnews-multi-image_gallery":[],"jnews_single_post":{"format":"standard"},"jnews_primary_category":[],"footnotes":""},"categories":[1],"tags":[],"class_list":["post-93309","post","type-post","status-publish","format-standard","has-post-thumbnail","hentry","category-uncategorized"],"aioseo_notices":[],"_links":{"self":[{"href":"https:\/\/estado29.mx\/index.php?rest_route=\/wp\/v2\/posts\/93309","targetHints":{"allow":["GET"]}}],"collection":[{"href":"https:\/\/estado29.mx\/index.php?rest_route=\/wp\/v2\/posts"}],"about":[{"href":"https:\/\/estado29.mx\/index.php?rest_route=\/wp\/v2\/types\/post"}],"author":[{"embeddable":true,"href":"https:\/\/estado29.mx\/index.php?rest_route=\/wp\/v2\/users\/7"}],"replies":[{"embeddable":true,"href":"https:\/\/estado29.mx\/index.php?rest_route=%2Fwp%2Fv2%2Fcomments&post=93309"}],"version-history":[{"count":2,"href":"https:\/\/estado29.mx\/index.php?rest_route=\/wp\/v2\/posts\/93309\/revisions"}],"predecessor-version":[{"id":93349,"href":"https:\/\/estado29.mx\/index.php?rest_route=\/wp\/v2\/posts\/93309\/revisions\/93349"}],"wp:featuredmedia":[{"embeddable":true,"href":"https:\/\/estado29.mx\/index.php?rest_route=\/wp\/v2\/media\/93310"}],"wp:attachment":[{"href":"https:\/\/estado29.mx\/index.php?rest_route=%2Fwp%2Fv2%2Fmedia&parent=93309"}],"wp:term":[{"taxonomy":"category","embeddable":true,"href":"https:\/\/estado29.mx\/index.php?rest_route=%2Fwp%2Fv2%2Fcategories&post=93309"},{"taxonomy":"post_tag","embeddable":true,"href":"https:\/\/estado29.mx\/index.php?rest_route=%2Fwp%2Fv2%2Ftags&post=93309"}],"curies":[{"name":"wp","href":"https:\/\/api.w.org\/{rel}","templated":true}]}}