{"id":93332,"date":"2025-02-13T14:57:25","date_gmt":"2025-02-13T14:57:25","guid":{"rendered":"https:\/\/estado29.mx\/?p=93332"},"modified":"2025-02-13T14:57:29","modified_gmt":"2025-02-13T14:57:29","slug":"inaugura-rector-de-la-uatx-la-clinica-de-cirugia-bucal-en-odontologiala-universidad-va-a-la-vanguardia-en-servicios-de-salud-bucal","status":"publish","type":"post","link":"https:\/\/estado29.mx\/?p=93332","title":{"rendered":"Inaugura Rector de la UATx la Cl\u00ednica de Cirug\u00eda Bucal en Odontolog\u00edaLa Universidad va a la vanguardia en servicios de salud bucal"},"content":{"rendered":"<figure class=\"wp-block-post-featured-image\"><img loading=\"lazy\" decoding=\"async\" width=\"1280\" height=\"848\" src=\"https:\/\/estado29.mx\/wp-content\/uploads\/2025\/02\/IMG-20250213-WA0019.jpg\" class=\"attachment-post-thumbnail size-post-thumbnail wp-post-image\" alt=\"\" style=\"object-fit:cover;\" srcset=\"https:\/\/estado29.mx\/wp-content\/uploads\/2025\/02\/IMG-20250213-WA0019.jpg 1280w, https:\/\/estado29.mx\/wp-content\/uploads\/2025\/02\/IMG-20250213-WA0019-300x199.jpg 300w, https:\/\/estado29.mx\/wp-content\/uploads\/2025\/02\/IMG-20250213-WA0019-1024x678.jpg 1024w, https:\/\/estado29.mx\/wp-content\/uploads\/2025\/02\/IMG-20250213-WA0019-768x509.jpg 768w, https:\/\/estado29.mx\/wp-content\/uploads\/2025\/02\/IMG-20250213-WA0019-750x497.jpg 750w, https:\/\/estado29.mx\/wp-content\/uploads\/2025\/02\/IMG-20250213-WA0019-1140x755.jpg 1140w\" sizes=\"auto, (max-width: 1280px) 100vw, 1280px\" \/><\/figure>\n\n\n<p>  La Universidad Aut\u00f3noma de Tlaxcala (UATx) crece y  se agiganta d\u00eda a d\u00eda, se\u00f1al\u00f3 el Doctor Seraf\u00edn Ortiz Ortiz, Rector de  la m\u00e1xima Casa de Estudios en la entidad, al inaugurar  la Cl\u00ednica de Cirug\u00eda Bucal, tambi\u00e9n denominada \u201cCl\u00ednica Naranja\u201d de la Facultad de Odontolog\u00eda. <\/p>\n\n\n\n<p>En el marco del 50 aniversario de fundaci\u00f3n de Odontolog\u00eda, el Doctor Ortiz Ortiz asegur\u00f3 que por  la contribuci\u00f3n  al desarrollo y crecimiento del estado, la UATx  se coloca como una Instituci\u00f3n que impulsa una educaci\u00f3n humanista en la ruta de la excelencia y, en este sentido, la Facultad de Odontolog\u00eda sigue avanzando en la formaci\u00f3n de profesionales en esta disciplina,  para colocarse en el escenario internacional como una de las mejores en la atenci\u00f3n m\u00e9dica bucal. <\/p>\n\n\n\n<p>Reconoci\u00f3 el trabajo acad\u00e9mico que realizan los docentes, tanto en  el \u00e1rea de licenciatura como en el posgrado, los cuales cuentan con una s\u00f3lida trayectoria para dotar de nuevo conocimiento a quienes enfrentan los retos de la salud bucodental en el pa\u00eds, por ello, los conmin\u00f3 a seguir trabajando con ah\u00ednco, entusiasmo y convicci\u00f3n universitaria. Por su parte, la Maestra Nohem\u00ed Lima Hern\u00e1ndez, Directora de la Facultad de Odontolog\u00eda, afirm\u00f3 que esta \u00e1rea universitaria enfoca su trabajo acad\u00e9mico en beneficio de la sociedad con la que se vincula a trav\u00e9s del servicio que brinda en sus cinco cl\u00ednicas, donde se atienden proyectos que contribuyen a mejorar la calidad de vida de las personas, lo cual les permite posicionarse a la vanguardia de la salud en el \u00e1rea odontol\u00f3gica.   <\/p>\n\n\n\n<p><\/p>\n\n\n\n<p>Enfatiz\u00f3 que con la apertura de esta cl\u00ednica naranja de cirug\u00eda bucal equipada con 10 unidades dentales y con una proyecci\u00f3n para ampliarse a cinco m\u00e1s, permite reforzar su compromiso con la excelencia acad\u00e9mica y el servicio a la comunidad, consolid\u00e1ndose como una de las principales instituciones en el campo de la salud bucodental. <\/p>\n\n\n\n<p><\/p>\n","protected":false},"excerpt":{"rendered":"<p>La Universidad Aut\u00f3noma de Tlaxcala (UATx) crece y se agiganta d\u00eda a d\u00eda, se\u00f1al\u00f3 el Doctor Seraf\u00edn Ortiz Ortiz, Rector de la m\u00e1xima Casa de Estudios en la entidad, al inaugurar la Cl\u00ednica de Cirug\u00eda Bucal, tambi\u00e9n denominada \u201cCl\u00ednica Naranja\u201d de la Facultad de Odontolog\u00eda. En el marco del 50 aniversario de fundaci\u00f3n de Odontolog\u00eda, [&hellip;]<\/p>\n","protected":false},"author":4,"featured_media":93333,"comment_status":"open","ping_status":"open","sticky":false,"template":"","format":"standard","meta":{"om_disable_all_campaigns":false,"_monsterinsights_skip_tracking":false,"_monsterinsights_sitenote_active":false,"_monsterinsights_sitenote_note":"","_monsterinsights_sitenote_category":0,"jnews-multi-image_gallery":[],"jnews_single_post":{"format":"standard"},"jnews_primary_category":[],"footnotes":""},"categories":[1],"tags":[],"class_list":["post-93332","post","type-post","status-publish","format-standard","has-post-thumbnail","hentry","category-uncategorized"],"aioseo_notices":[],"_links":{"self":[{"href":"https:\/\/estado29.mx\/index.php?rest_route=\/wp\/v2\/posts\/93332","targetHints":{"allow":["GET"]}}],"collection":[{"href":"https:\/\/estado29.mx\/index.php?rest_route=\/wp\/v2\/posts"}],"about":[{"href":"https:\/\/estado29.mx\/index.php?rest_route=\/wp\/v2\/types\/post"}],"author":[{"embeddable":true,"href":"https:\/\/estado29.mx\/index.php?rest_route=\/wp\/v2\/users\/4"}],"replies":[{"embeddable":true,"href":"https:\/\/estado29.mx\/index.php?rest_route=%2Fwp%2Fv2%2Fcomments&post=93332"}],"version-history":[{"count":1,"href":"https:\/\/estado29.mx\/index.php?rest_route=\/wp\/v2\/posts\/93332\/revisions"}],"predecessor-version":[{"id":93334,"href":"https:\/\/estado29.mx\/index.php?rest_route=\/wp\/v2\/posts\/93332\/revisions\/93334"}],"wp:featuredmedia":[{"embeddable":true,"href":"https:\/\/estado29.mx\/index.php?rest_route=\/wp\/v2\/media\/93333"}],"wp:attachment":[{"href":"https:\/\/estado29.mx\/index.php?rest_route=%2Fwp%2Fv2%2Fmedia&parent=93332"}],"wp:term":[{"taxonomy":"category","embeddable":true,"href":"https:\/\/estado29.mx\/index.php?rest_route=%2Fwp%2Fv2%2Fcategories&post=93332"},{"taxonomy":"post_tag","embeddable":true,"href":"https:\/\/estado29.mx\/index.php?rest_route=%2Fwp%2Fv2%2Ftags&post=93332"}],"curies":[{"name":"wp","href":"https:\/\/api.w.org\/{rel}","templated":true}]}}