{"id":93345,"date":"2025-02-13T19:01:35","date_gmt":"2025-02-13T19:01:35","guid":{"rendered":"https:\/\/estado29.mx\/?p=93345"},"modified":"2025-02-13T19:01:46","modified_gmt":"2025-02-13T19:01:46","slug":"anuncia-claudia-sheinbaum-que-este-ano-inician-las-obras-de-los-tramos-aifa-pachuca-mexico-queretaro-irapuato-y-saltillo-nuevo-laredo","status":"publish","type":"post","link":"https:\/\/estado29.mx\/?p=93345","title":{"rendered":"Anuncia Claudia Sheinbaum que est\u00e9 a\u00f1o inician las obras de los tramos AIFA &#8211; Pachuca, M\u00e9xico &#8211; Quer\u00e9taro &#8211; Irapuato y Saltillo &#8211; Nuevo Laredo"},"content":{"rendered":"<figure class=\"wp-block-post-featured-image\"><img loading=\"lazy\" decoding=\"async\" width=\"2560\" height=\"1673\" src=\"https:\/\/estado29.mx\/wp-content\/uploads\/2025\/02\/130225-CSP-CONFERENCIA-MATUTINA-1.jpeg\" class=\"attachment-post-thumbnail size-post-thumbnail wp-post-image\" alt=\"\" style=\"object-fit:cover;\" srcset=\"https:\/\/estado29.mx\/wp-content\/uploads\/2025\/02\/130225-CSP-CONFERENCIA-MATUTINA-1.jpeg 2560w, https:\/\/estado29.mx\/wp-content\/uploads\/2025\/02\/130225-CSP-CONFERENCIA-MATUTINA-1-300x196.jpeg 300w, https:\/\/estado29.mx\/wp-content\/uploads\/2025\/02\/130225-CSP-CONFERENCIA-MATUTINA-1-1024x669.jpeg 1024w, https:\/\/estado29.mx\/wp-content\/uploads\/2025\/02\/130225-CSP-CONFERENCIA-MATUTINA-1-768x502.jpeg 768w, https:\/\/estado29.mx\/wp-content\/uploads\/2025\/02\/130225-CSP-CONFERENCIA-MATUTINA-1-1536x1004.jpeg 1536w, https:\/\/estado29.mx\/wp-content\/uploads\/2025\/02\/130225-CSP-CONFERENCIA-MATUTINA-1-2048x1338.jpeg 2048w, https:\/\/estado29.mx\/wp-content\/uploads\/2025\/02\/130225-CSP-CONFERENCIA-MATUTINA-1-750x490.jpeg 750w, https:\/\/estado29.mx\/wp-content\/uploads\/2025\/02\/130225-CSP-CONFERENCIA-MATUTINA-1-1140x745.jpeg 1140w\" sizes=\"auto, (max-width: 2560px) 100vw, 2560px\" \/><\/figure>\n\n\n<p>La presidenta de M\u00e9xico, Claudia Sheinbaum, anunci\u00f3 que este a\u00f1o dar\u00e1n inicio las obras de los tramos del tren de pasajeros en AIFA-Pachuca, M\u00e9xico-Quer\u00e9taro, Quer\u00e9taro-Irapuato y Saltillo-Nuevo Laredo.<\/p>\n\n\n\n<p>Las obras comenzar\u00e1n despu\u00e9s de concluir las ingenier\u00edas b\u00e1sicas para el desarrollo de las v\u00edas, a cargo del Agrupamiento de Ingenieros &#8220;Felipe \u00c1ngeles&#8221; de la Defensa. Los tramos AIFA-Pachuca y M\u00e9xico-Quer\u00e9taro ser\u00e1n inaugurados en 2027.<\/p>\n\n\n\n<p>Adem\u00e1s, se inform\u00f3 que el tren Lecher\u00eda-AIFA tiene un avance del 80 por ciento y se estima que ser\u00e1 inaugurado en julio. Las rutas que se construir\u00e1n durante este sexenio suman m\u00e1s de 3 mil kil\u00f3metros de v\u00edas. <\/p>\n","protected":false},"excerpt":{"rendered":"<p>La presidenta de M\u00e9xico, Claudia Sheinbaum, anunci\u00f3 que este a\u00f1o dar\u00e1n inicio las obras de los tramos del tren de pasajeros en AIFA-Pachuca, M\u00e9xico-Quer\u00e9taro, Quer\u00e9taro-Irapuato y Saltillo-Nuevo Laredo. Las obras comenzar\u00e1n despu\u00e9s de concluir las ingenier\u00edas b\u00e1sicas para el desarrollo de las v\u00edas, a cargo del Agrupamiento de Ingenieros &#8220;Felipe \u00c1ngeles&#8221; de la Defensa. Los [&hellip;]<\/p>\n","protected":false},"author":4,"featured_media":93347,"comment_status":"open","ping_status":"open","sticky":false,"template":"","format":"standard","meta":{"om_disable_all_campaigns":false,"_monsterinsights_skip_tracking":false,"_monsterinsights_sitenote_active":false,"_monsterinsights_sitenote_note":"","_monsterinsights_sitenote_category":0,"jnews-multi-image_gallery":[],"jnews_single_post":{"format":"standard"},"jnews_primary_category":[],"footnotes":""},"categories":[1],"tags":[],"class_list":["post-93345","post","type-post","status-publish","format-standard","has-post-thumbnail","hentry","category-uncategorized"],"aioseo_notices":[],"_links":{"self":[{"href":"https:\/\/estado29.mx\/index.php?rest_route=\/wp\/v2\/posts\/93345","targetHints":{"allow":["GET"]}}],"collection":[{"href":"https:\/\/estado29.mx\/index.php?rest_route=\/wp\/v2\/posts"}],"about":[{"href":"https:\/\/estado29.mx\/index.php?rest_route=\/wp\/v2\/types\/post"}],"author":[{"embeddable":true,"href":"https:\/\/estado29.mx\/index.php?rest_route=\/wp\/v2\/users\/4"}],"replies":[{"embeddable":true,"href":"https:\/\/estado29.mx\/index.php?rest_route=%2Fwp%2Fv2%2Fcomments&post=93345"}],"version-history":[{"count":1,"href":"https:\/\/estado29.mx\/index.php?rest_route=\/wp\/v2\/posts\/93345\/revisions"}],"predecessor-version":[{"id":93348,"href":"https:\/\/estado29.mx\/index.php?rest_route=\/wp\/v2\/posts\/93345\/revisions\/93348"}],"wp:featuredmedia":[{"embeddable":true,"href":"https:\/\/estado29.mx\/index.php?rest_route=\/wp\/v2\/media\/93347"}],"wp:attachment":[{"href":"https:\/\/estado29.mx\/index.php?rest_route=%2Fwp%2Fv2%2Fmedia&parent=93345"}],"wp:term":[{"taxonomy":"category","embeddable":true,"href":"https:\/\/estado29.mx\/index.php?rest_route=%2Fwp%2Fv2%2Fcategories&post=93345"},{"taxonomy":"post_tag","embeddable":true,"href":"https:\/\/estado29.mx\/index.php?rest_route=%2Fwp%2Fv2%2Ftags&post=93345"}],"curies":[{"name":"wp","href":"https:\/\/api.w.org\/{rel}","templated":true}]}}