{"id":93352,"date":"2025-02-13T20:07:24","date_gmt":"2025-02-13T20:07:24","guid":{"rendered":"https:\/\/estado29.mx\/?p=93352"},"modified":"2025-02-13T20:07:24","modified_gmt":"2025-02-13T20:07:24","slug":"anuncia-alcaldesa-de-cuapiaxtla-inicio-de-trabajos-de-pavimentacion-en-calle-cuitlahuac","status":"publish","type":"post","link":"https:\/\/estado29.mx\/?p=93352","title":{"rendered":"Anuncia alcaldesa de Cuapiaxtla inicio de trabajos de pavimentaci\u00f3n en Calle Cuitl\u00e1huac."},"content":{"rendered":"\n<p><\/p>\n\n\n\n<p>La Presidenta Municipal de Cuapiaxtla, Alma Lorena Escobar Gonz\u00e1lez, anunci\u00f3 el arranque de obra de pavimentaci\u00f3n con adoqu\u00edn en Calle Cuitl\u00e1huac, entre las calles Guadalupe Victoria y Juan Aldama, en el Barrio de San Miguel.<\/p>\n\n\n\n<p>La alcaldesa destac\u00f3, que contin\u00faa trabajando arduamente para mejorar la infraestructura de la comunidad.<br>En este sentido, se informa que se ha iniciado la pavimentaci\u00f3n de adoquinamiento y guarnici\u00f3n en la calle Cuitl\u00e1huac, entre calle Guadalupe Victoria y Juan Aldama en el Barrio de San Miguel.<\/p>\n\n\n\n<p>Este proyecto tiene como objetivo mejorar la seguridad vial, reducir el riesgo de accidentes y facilitar el tr\u00e1nsito peatonal y vehicular en la zona.<\/p>\n\n\n\n<p>La Presidenta Municipal, se compromete a seguir trabajando para mejorar la calidad de vida de los habitantes de nuestra comunidad.<\/p>\n\n\n<figure class=\"wp-block-post-featured-image\"><img loading=\"lazy\" decoding=\"async\" width=\"720\" height=\"409\" src=\"https:\/\/estado29.mx\/wp-content\/uploads\/2025\/02\/FB_IMG_17393903819352.jpg\" class=\"attachment-post-thumbnail size-post-thumbnail wp-post-image\" alt=\"\" style=\"object-fit:cover;\" srcset=\"https:\/\/estado29.mx\/wp-content\/uploads\/2025\/02\/FB_IMG_17393903819352.jpg 720w, https:\/\/estado29.mx\/wp-content\/uploads\/2025\/02\/FB_IMG_17393903819352-300x170.jpg 300w\" sizes=\"auto, (max-width: 720px) 100vw, 720px\" \/><\/figure>","protected":false},"excerpt":{"rendered":"<p>La Presidenta Municipal de Cuapiaxtla, Alma Lorena Escobar Gonz\u00e1lez, anunci\u00f3 el arranque de obra de pavimentaci\u00f3n con adoqu\u00edn en Calle Cuitl\u00e1huac, entre las calles Guadalupe Victoria y Juan Aldama, en el Barrio de San Miguel. La alcaldesa destac\u00f3, que contin\u00faa trabajando arduamente para mejorar la infraestructura de la comunidad.En este sentido, se informa que se [&hellip;]<\/p>\n","protected":false},"author":7,"featured_media":93353,"comment_status":"open","ping_status":"open","sticky":false,"template":"","format":"standard","meta":{"om_disable_all_campaigns":false,"_monsterinsights_skip_tracking":false,"_monsterinsights_sitenote_active":false,"_monsterinsights_sitenote_note":"","_monsterinsights_sitenote_category":0,"jnews-multi-image_gallery":[],"jnews_single_post":{"format":"standard"},"jnews_primary_category":[],"footnotes":""},"categories":[1],"tags":[],"class_list":["post-93352","post","type-post","status-publish","format-standard","has-post-thumbnail","hentry","category-uncategorized"],"aioseo_notices":[],"_links":{"self":[{"href":"https:\/\/estado29.mx\/index.php?rest_route=\/wp\/v2\/posts\/93352","targetHints":{"allow":["GET"]}}],"collection":[{"href":"https:\/\/estado29.mx\/index.php?rest_route=\/wp\/v2\/posts"}],"about":[{"href":"https:\/\/estado29.mx\/index.php?rest_route=\/wp\/v2\/types\/post"}],"author":[{"embeddable":true,"href":"https:\/\/estado29.mx\/index.php?rest_route=\/wp\/v2\/users\/7"}],"replies":[{"embeddable":true,"href":"https:\/\/estado29.mx\/index.php?rest_route=%2Fwp%2Fv2%2Fcomments&post=93352"}],"version-history":[{"count":1,"href":"https:\/\/estado29.mx\/index.php?rest_route=\/wp\/v2\/posts\/93352\/revisions"}],"predecessor-version":[{"id":93354,"href":"https:\/\/estado29.mx\/index.php?rest_route=\/wp\/v2\/posts\/93352\/revisions\/93354"}],"wp:featuredmedia":[{"embeddable":true,"href":"https:\/\/estado29.mx\/index.php?rest_route=\/wp\/v2\/media\/93353"}],"wp:attachment":[{"href":"https:\/\/estado29.mx\/index.php?rest_route=%2Fwp%2Fv2%2Fmedia&parent=93352"}],"wp:term":[{"taxonomy":"category","embeddable":true,"href":"https:\/\/estado29.mx\/index.php?rest_route=%2Fwp%2Fv2%2Fcategories&post=93352"},{"taxonomy":"post_tag","embeddable":true,"href":"https:\/\/estado29.mx\/index.php?rest_route=%2Fwp%2Fv2%2Ftags&post=93352"}],"curies":[{"name":"wp","href":"https:\/\/api.w.org\/{rel}","templated":true}]}}