{"id":93355,"date":"2025-02-13T20:09:40","date_gmt":"2025-02-13T20:09:40","guid":{"rendered":"https:\/\/estado29.mx\/?p=93355"},"modified":"2025-02-13T20:09:41","modified_gmt":"2025-02-13T20:09:41","slug":"impulsa-gobierno-de-ixtenco-segunda-etapa-del-programa-de-materiales-a-bajo-costo","status":"publish","type":"post","link":"https:\/\/estado29.mx\/?p=93355","title":{"rendered":"Impulsa gobierno de Ixtenco segunda etapa del programa de materiales a bajo costo."},"content":{"rendered":"\n<p><\/p>\n\n\n\n<p>El Gobierno Municipal de Ixtenco, que preside Miriam Aline Lazo Caballero, en coordinaci\u00f3n con Bienestar Municipal, ha puesto en marcha un programa de apoyo para la adquisici\u00f3n de tinacos, calentadores solares y carretillas a bajo costo, con el objetivo de mejorar las condiciones de vida de las familias del municipio.<\/p>\n\n\n\n<figure class=\"wp-block-image size-large\"><img loading=\"lazy\" decoding=\"async\" width=\"1024\" height=\"858\" src=\"https:\/\/estado29.mx\/wp-content\/uploads\/2025\/02\/IMG-20250212-WA0009-1024x858.jpg\" alt=\"\" class=\"wp-image-93357\" srcset=\"https:\/\/estado29.mx\/wp-content\/uploads\/2025\/02\/IMG-20250212-WA0009-1024x858.jpg 1024w, https:\/\/estado29.mx\/wp-content\/uploads\/2025\/02\/IMG-20250212-WA0009-300x251.jpg 300w, https:\/\/estado29.mx\/wp-content\/uploads\/2025\/02\/IMG-20250212-WA0009-768x644.jpg 768w, https:\/\/estado29.mx\/wp-content\/uploads\/2025\/02\/IMG-20250212-WA0009-1536x1288.jpg 1536w, https:\/\/estado29.mx\/wp-content\/uploads\/2025\/02\/IMG-20250212-WA0009-2048x1717.jpg 2048w, https:\/\/estado29.mx\/wp-content\/uploads\/2025\/02\/IMG-20250212-WA0009-750x629.jpg 750w, https:\/\/estado29.mx\/wp-content\/uploads\/2025\/02\/IMG-20250212-WA0009-1140x956.jpg 1140w\" sizes=\"auto, (max-width: 1024px) 100vw, 1024px\" \/><\/figure>\n\n\n\n<p><br>A trav\u00e9s de esta iniciativa, la ciudadan\u00eda podr\u00e1 acceder a tinaco de 1,200 litros, tricapa, color beige, con accesorios, calentadores solares de 10, 12 y 15 tubos, as\u00ed como Carretillas<\/p>\n\n\n\n<p>Los ciudadanos interesados en este programa, deber\u00e1n entregar los siguientes requisitos: copia de INE, comprobante de domicilio (recibo de luz o agua)<br>La recepci\u00f3n de documentos estar\u00e1 vigente hasta el 21 de febrero de 2025, en un horario de 9 de la ma\u00f1ana a 1 de la tarde en las oficinas de la Coordinaci\u00f3n de Bienestar Municipal, al interior de la presidencia municipal.<\/p>\n\n\n\n<figure class=\"wp-block-image size-large\"><img loading=\"lazy\" decoding=\"async\" width=\"1024\" height=\"858\" src=\"https:\/\/estado29.mx\/wp-content\/uploads\/2025\/02\/IMG-20250212-WA0011-1024x858.jpg\" alt=\"\" class=\"wp-image-93358\" srcset=\"https:\/\/estado29.mx\/wp-content\/uploads\/2025\/02\/IMG-20250212-WA0011-1024x858.jpg 1024w, https:\/\/estado29.mx\/wp-content\/uploads\/2025\/02\/IMG-20250212-WA0011-300x251.jpg 300w, https:\/\/estado29.mx\/wp-content\/uploads\/2025\/02\/IMG-20250212-WA0011-768x644.jpg 768w, https:\/\/estado29.mx\/wp-content\/uploads\/2025\/02\/IMG-20250212-WA0011-1536x1288.jpg 1536w, https:\/\/estado29.mx\/wp-content\/uploads\/2025\/02\/IMG-20250212-WA0011-2048x1717.jpg 2048w, https:\/\/estado29.mx\/wp-content\/uploads\/2025\/02\/IMG-20250212-WA0011-750x629.jpg 750w, https:\/\/estado29.mx\/wp-content\/uploads\/2025\/02\/IMG-20250212-WA0011-1140x956.jpg 1140w\" sizes=\"auto, (max-width: 1024px) 100vw, 1024px\" \/><\/figure>\n\n\n\n<p>Este esfuerzo es impulsado por la presidenta municipal de Ixtenco, Aline Lazo Caballero, en conjunto con la coordinadora de Bienestar Municipal, Ana Laura Moreno Escalona, quienes reiteran su compromiso de seguir implementando acciones en beneficio de la comunidad.<\/p>\n\n\n<figure class=\"wp-block-post-featured-image\"><img loading=\"lazy\" decoding=\"async\" width=\"2560\" height=\"2146\" src=\"https:\/\/estado29.mx\/wp-content\/uploads\/2025\/02\/IMG-20250212-WA0007-scaled.jpg\" class=\"attachment-post-thumbnail size-post-thumbnail wp-post-image\" alt=\"\" style=\"object-fit:cover;\" srcset=\"https:\/\/estado29.mx\/wp-content\/uploads\/2025\/02\/IMG-20250212-WA0007-scaled.jpg 2560w, https:\/\/estado29.mx\/wp-content\/uploads\/2025\/02\/IMG-20250212-WA0007-300x251.jpg 300w, https:\/\/estado29.mx\/wp-content\/uploads\/2025\/02\/IMG-20250212-WA0007-1024x858.jpg 1024w, https:\/\/estado29.mx\/wp-content\/uploads\/2025\/02\/IMG-20250212-WA0007-768x644.jpg 768w, https:\/\/estado29.mx\/wp-content\/uploads\/2025\/02\/IMG-20250212-WA0007-1536x1288.jpg 1536w, https:\/\/estado29.mx\/wp-content\/uploads\/2025\/02\/IMG-20250212-WA0007-2048x1717.jpg 2048w, https:\/\/estado29.mx\/wp-content\/uploads\/2025\/02\/IMG-20250212-WA0007-750x629.jpg 750w, https:\/\/estado29.mx\/wp-content\/uploads\/2025\/02\/IMG-20250212-WA0007-1140x956.jpg 1140w\" sizes=\"auto, (max-width: 2560px) 100vw, 2560px\" \/><\/figure>","protected":false},"excerpt":{"rendered":"<p>El Gobierno Municipal de Ixtenco, que preside Miriam Aline Lazo Caballero, en coordinaci\u00f3n con Bienestar Municipal, ha puesto en marcha un programa de apoyo para la adquisici\u00f3n de tinacos, calentadores solares y carretillas a bajo costo, con el objetivo de mejorar las condiciones de vida de las familias del municipio. A trav\u00e9s de esta iniciativa, [&hellip;]<\/p>\n","protected":false},"author":7,"featured_media":93356,"comment_status":"open","ping_status":"open","sticky":false,"template":"","format":"standard","meta":{"om_disable_all_campaigns":false,"_monsterinsights_skip_tracking":false,"_monsterinsights_sitenote_active":false,"_monsterinsights_sitenote_note":"","_monsterinsights_sitenote_category":0,"jnews-multi-image_gallery":[],"jnews_single_post":{"format":"standard"},"jnews_primary_category":[],"footnotes":""},"categories":[1],"tags":[],"class_list":["post-93355","post","type-post","status-publish","format-standard","has-post-thumbnail","hentry","category-uncategorized"],"aioseo_notices":[],"_links":{"self":[{"href":"https:\/\/estado29.mx\/index.php?rest_route=\/wp\/v2\/posts\/93355","targetHints":{"allow":["GET"]}}],"collection":[{"href":"https:\/\/estado29.mx\/index.php?rest_route=\/wp\/v2\/posts"}],"about":[{"href":"https:\/\/estado29.mx\/index.php?rest_route=\/wp\/v2\/types\/post"}],"author":[{"embeddable":true,"href":"https:\/\/estado29.mx\/index.php?rest_route=\/wp\/v2\/users\/7"}],"replies":[{"embeddable":true,"href":"https:\/\/estado29.mx\/index.php?rest_route=%2Fwp%2Fv2%2Fcomments&post=93355"}],"version-history":[{"count":1,"href":"https:\/\/estado29.mx\/index.php?rest_route=\/wp\/v2\/posts\/93355\/revisions"}],"predecessor-version":[{"id":93359,"href":"https:\/\/estado29.mx\/index.php?rest_route=\/wp\/v2\/posts\/93355\/revisions\/93359"}],"wp:featuredmedia":[{"embeddable":true,"href":"https:\/\/estado29.mx\/index.php?rest_route=\/wp\/v2\/media\/93356"}],"wp:attachment":[{"href":"https:\/\/estado29.mx\/index.php?rest_route=%2Fwp%2Fv2%2Fmedia&parent=93355"}],"wp:term":[{"taxonomy":"category","embeddable":true,"href":"https:\/\/estado29.mx\/index.php?rest_route=%2Fwp%2Fv2%2Fcategories&post=93355"},{"taxonomy":"post_tag","embeddable":true,"href":"https:\/\/estado29.mx\/index.php?rest_route=%2Fwp%2Fv2%2Ftags&post=93355"}],"curies":[{"name":"wp","href":"https:\/\/api.w.org\/{rel}","templated":true}]}}