{"id":93390,"date":"2025-02-16T03:03:37","date_gmt":"2025-02-16T03:03:37","guid":{"rendered":"https:\/\/estado29.mx\/?p=93390"},"modified":"2025-02-16T03:03:37","modified_gmt":"2025-02-16T03:03:37","slug":"anuncia-ixtenco-su-participacion-en-la-edicion-49-del-tianguis-turistico-de-mexico","status":"publish","type":"post","link":"https:\/\/estado29.mx\/?p=93390","title":{"rendered":"Anuncia Ixtenco su participaci\u00f3n en la edici\u00f3n 49 del Tianguis Tur\u00edstico de M\u00e9xico."},"content":{"rendered":"\n<p><\/p>\n\n\n\n<p>El Gobierno Municipal de Ixtenco, que preside Miriam Aline Lazo Caballero, arranc\u00f3 con la preparaci\u00f3n de material para la difusi\u00f3n de sus atractivos tur\u00edsticos, esto con el objetivo de fortalecer la promoci\u00f3n tur\u00edstica del municipio, durante su presentaci\u00f3n en el pr\u00f3ximo Tianguis Tur\u00edstico de M\u00e9xico que se llevar\u00e1 a cabo en Baja California Sur.<\/p>\n\n\n\n<figure class=\"wp-block-image size-large\"><img loading=\"lazy\" decoding=\"async\" width=\"1024\" height=\"576\" src=\"https:\/\/estado29.mx\/wp-content\/uploads\/2025\/02\/IMG-20250214-WA0020-1024x576.jpg\" alt=\"\" class=\"wp-image-93392\" srcset=\"https:\/\/estado29.mx\/wp-content\/uploads\/2025\/02\/IMG-20250214-WA0020-1024x576.jpg 1024w, https:\/\/estado29.mx\/wp-content\/uploads\/2025\/02\/IMG-20250214-WA0020-300x169.jpg 300w, https:\/\/estado29.mx\/wp-content\/uploads\/2025\/02\/IMG-20250214-WA0020-768x432.jpg 768w, https:\/\/estado29.mx\/wp-content\/uploads\/2025\/02\/IMG-20250214-WA0020-750x422.jpg 750w, https:\/\/estado29.mx\/wp-content\/uploads\/2025\/02\/IMG-20250214-WA0020-1140x641.jpg 1140w, https:\/\/estado29.mx\/wp-content\/uploads\/2025\/02\/IMG-20250214-WA0020.jpg 1170w\" sizes=\"auto, (max-width: 1024px) 100vw, 1024px\" \/><\/figure>\n\n\n\n<p>Al respecto, la Direcci\u00f3n de Cultura y Turismo encabezada por David V\u00e1squez Alba\u00f1il, ha iniciado la preparaci\u00f3n de material informativo y audiovisual que destacar\u00e1 los principales atractivos de Ixtenco. <\/p>\n\n\n\n<p>Mediante esta iniciativa, se busca atraer a m\u00e1s visitantes y fomentar el reconocimiento de la riqueza cultural, gastron\u00f3mica y natural de la regi\u00f3n.<\/p>\n\n\n\n<figure class=\"wp-block-image size-large\"><img loading=\"lazy\" decoding=\"async\" width=\"1024\" height=\"726\" src=\"https:\/\/estado29.mx\/wp-content\/uploads\/2025\/02\/IMG-20250214-WA0023-1024x726.jpg\" alt=\"\" class=\"wp-image-93393\" srcset=\"https:\/\/estado29.mx\/wp-content\/uploads\/2025\/02\/IMG-20250214-WA0023-1024x726.jpg 1024w, https:\/\/estado29.mx\/wp-content\/uploads\/2025\/02\/IMG-20250214-WA0023-300x213.jpg 300w, https:\/\/estado29.mx\/wp-content\/uploads\/2025\/02\/IMG-20250214-WA0023-768x545.jpg 768w, https:\/\/estado29.mx\/wp-content\/uploads\/2025\/02\/IMG-20250214-WA0023-1536x1090.jpg 1536w, https:\/\/estado29.mx\/wp-content\/uploads\/2025\/02\/IMG-20250214-WA0023-2048x1453.jpg 2048w, https:\/\/estado29.mx\/wp-content\/uploads\/2025\/02\/IMG-20250214-WA0023-120x86.jpg 120w, https:\/\/estado29.mx\/wp-content\/uploads\/2025\/02\/IMG-20250214-WA0023-750x532.jpg 750w, https:\/\/estado29.mx\/wp-content\/uploads\/2025\/02\/IMG-20250214-WA0023-1140x809.jpg 1140w\" sizes=\"auto, (max-width: 1024px) 100vw, 1024px\" \/><\/figure>\n\n\n\n<p>El proyecto contempla la elaboraci\u00f3n de videos promocionales, material impreso y contenido digital que resalte la identidad y tradiciones de Ixtenco, conocido por su herencia otom\u00ed y su riqueza agr\u00edcola, especialmente el ma\u00edz criollo y de colores. <\/p>\n\n\n\n<p>Adem\u00e1s, se incluir\u00e1n recorridos visuales por sitios emblem\u00e1ticos, festividades y la oferta gastron\u00f3mica que distingue al municipio.<\/p>\n\n\n\n<figure class=\"wp-block-image size-large\"><img loading=\"lazy\" decoding=\"async\" width=\"1024\" height=\"577\" src=\"https:\/\/estado29.mx\/wp-content\/uploads\/2025\/02\/IMG-20250214-WA0021-1024x577.jpg\" alt=\"\" class=\"wp-image-93394\" srcset=\"https:\/\/estado29.mx\/wp-content\/uploads\/2025\/02\/IMG-20250214-WA0021-1024x577.jpg 1024w, https:\/\/estado29.mx\/wp-content\/uploads\/2025\/02\/IMG-20250214-WA0021-300x169.jpg 300w, https:\/\/estado29.mx\/wp-content\/uploads\/2025\/02\/IMG-20250214-WA0021-768x433.jpg 768w, https:\/\/estado29.mx\/wp-content\/uploads\/2025\/02\/IMG-20250214-WA0021-750x422.jpg 750w, https:\/\/estado29.mx\/wp-content\/uploads\/2025\/02\/IMG-20250214-WA0021-1140x642.jpg 1140w, https:\/\/estado29.mx\/wp-content\/uploads\/2025\/02\/IMG-20250214-WA0021.jpg 1170w\" sizes=\"auto, (max-width: 1024px) 100vw, 1024px\" \/><\/figure>\n\n\n\n<p>Las autoridades han destacado la importancia de esta estrategia para impulsar el turismo sostenible y fortalecer la econom\u00eda local, beneficiando a prestadores de servicios, artesanos y productores locales. <\/p>\n\n\n\n<p>Se espera que el material producido se difunda a trav\u00e9s de plataformas digitales, medios de comunicaci\u00f3n y eventos tur\u00edsticos a nivel estatal y nacional.<\/p>\n\n\n<figure class=\"wp-block-post-featured-image\"><img loading=\"lazy\" decoding=\"async\" width=\"2560\" height=\"1928\" src=\"https:\/\/estado29.mx\/wp-content\/uploads\/2025\/02\/IMG-20250214-WA0025-scaled.jpg\" class=\"attachment-post-thumbnail size-post-thumbnail wp-post-image\" alt=\"\" style=\"object-fit:cover;\" srcset=\"https:\/\/estado29.mx\/wp-content\/uploads\/2025\/02\/IMG-20250214-WA0025-scaled.jpg 2560w, https:\/\/estado29.mx\/wp-content\/uploads\/2025\/02\/IMG-20250214-WA0025-300x226.jpg 300w, https:\/\/estado29.mx\/wp-content\/uploads\/2025\/02\/IMG-20250214-WA0025-1024x771.jpg 1024w, https:\/\/estado29.mx\/wp-content\/uploads\/2025\/02\/IMG-20250214-WA0025-768x578.jpg 768w, https:\/\/estado29.mx\/wp-content\/uploads\/2025\/02\/IMG-20250214-WA0025-1536x1157.jpg 1536w, https:\/\/estado29.mx\/wp-content\/uploads\/2025\/02\/IMG-20250214-WA0025-2048x1542.jpg 2048w, https:\/\/estado29.mx\/wp-content\/uploads\/2025\/02\/IMG-20250214-WA0025-750x565.jpg 750w, https:\/\/estado29.mx\/wp-content\/uploads\/2025\/02\/IMG-20250214-WA0025-1140x858.jpg 1140w\" sizes=\"auto, (max-width: 2560px) 100vw, 2560px\" \/><\/figure>\n\n\n<p>Ixtenco tendr\u00e1 presencia en eventos como la edici\u00f3n 49 del Tianguis Tur\u00edstico de M\u00e9xico, que se llevar\u00e1 a cabo del 28 de abril al 01 de mayo en Rosarito, Baja California Sur; en abril, en el Festival de M\u00e9xico en San Diego, California; y en mayo, en el Festival El Gran Taco de M\u00e9xico en Tijuana. Por ello, la promoci\u00f3n en videos, impresos y dem\u00e1s materiales ser\u00e1n enviados a estos lugares para la difusi\u00f3n de este Pueblo M\u00e1gico, el tercero en Tlaxcala.<\/p>\n\n\n\n<p>Con este esfuerzo, Ixtenco reafirma su compromiso con la preservaci\u00f3n y difusi\u00f3n de su patrimonio, invitando a turistas y visitantes a conocer y disfrutar de la autenticidad de este pueblo con ra\u00edces profundas y una riqueza cultural inigualable.<\/p>\n","protected":false},"excerpt":{"rendered":"<p>El Gobierno Municipal de Ixtenco, que preside Miriam Aline Lazo Caballero, arranc\u00f3 con la preparaci\u00f3n de material para la difusi\u00f3n de sus atractivos tur\u00edsticos, esto con el objetivo de fortalecer la promoci\u00f3n tur\u00edstica del municipio, durante su presentaci\u00f3n en el pr\u00f3ximo Tianguis Tur\u00edstico de M\u00e9xico que se llevar\u00e1 a cabo en Baja California Sur. Al [&hellip;]<\/p>\n","protected":false},"author":7,"featured_media":93391,"comment_status":"open","ping_status":"open","sticky":false,"template":"","format":"standard","meta":{"om_disable_all_campaigns":false,"_monsterinsights_skip_tracking":false,"_monsterinsights_sitenote_active":false,"_monsterinsights_sitenote_note":"","_monsterinsights_sitenote_category":0,"jnews-multi-image_gallery":[],"jnews_single_post":{"format":"standard"},"jnews_primary_category":[],"footnotes":""},"categories":[1],"tags":[],"class_list":["post-93390","post","type-post","status-publish","format-standard","has-post-thumbnail","hentry","category-uncategorized"],"aioseo_notices":[],"_links":{"self":[{"href":"https:\/\/estado29.mx\/index.php?rest_route=\/wp\/v2\/posts\/93390","targetHints":{"allow":["GET"]}}],"collection":[{"href":"https:\/\/estado29.mx\/index.php?rest_route=\/wp\/v2\/posts"}],"about":[{"href":"https:\/\/estado29.mx\/index.php?rest_route=\/wp\/v2\/types\/post"}],"author":[{"embeddable":true,"href":"https:\/\/estado29.mx\/index.php?rest_route=\/wp\/v2\/users\/7"}],"replies":[{"embeddable":true,"href":"https:\/\/estado29.mx\/index.php?rest_route=%2Fwp%2Fv2%2Fcomments&post=93390"}],"version-history":[{"count":1,"href":"https:\/\/estado29.mx\/index.php?rest_route=\/wp\/v2\/posts\/93390\/revisions"}],"predecessor-version":[{"id":93395,"href":"https:\/\/estado29.mx\/index.php?rest_route=\/wp\/v2\/posts\/93390\/revisions\/93395"}],"wp:featuredmedia":[{"embeddable":true,"href":"https:\/\/estado29.mx\/index.php?rest_route=\/wp\/v2\/media\/93391"}],"wp:attachment":[{"href":"https:\/\/estado29.mx\/index.php?rest_route=%2Fwp%2Fv2%2Fmedia&parent=93390"}],"wp:term":[{"taxonomy":"category","embeddable":true,"href":"https:\/\/estado29.mx\/index.php?rest_route=%2Fwp%2Fv2%2Fcategories&post=93390"},{"taxonomy":"post_tag","embeddable":true,"href":"https:\/\/estado29.mx\/index.php?rest_route=%2Fwp%2Fv2%2Ftags&post=93390"}],"curies":[{"name":"wp","href":"https:\/\/api.w.org\/{rel}","templated":true}]}}