{"id":93406,"date":"2025-02-17T14:34:13","date_gmt":"2025-02-17T14:34:13","guid":{"rendered":"https:\/\/estado29.mx\/?p=93406"},"modified":"2025-02-17T14:34:14","modified_gmt":"2025-02-17T14:34:14","slug":"secretaria-de-bienestar-realizo-estudio-socioeconomico-a-solicitantes-de-funcionales","status":"publish","type":"post","link":"https:\/\/estado29.mx\/?p=93406","title":{"rendered":"SECRETAR\u00cdA DE BIENESTAR REALIZ\u00d3 ESTUDIO SOCIOECON\u00d3MICO A SOLICITANTES DE FUNCIONALES"},"content":{"rendered":"<figure class=\"wp-block-post-featured-image\"><img loading=\"lazy\" decoding=\"async\" width=\"1280\" height=\"960\" src=\"https:\/\/estado29.mx\/wp-content\/uploads\/2025\/02\/IMG-20250217-WA0033.jpg\" class=\"attachment-post-thumbnail size-post-thumbnail wp-post-image\" alt=\"\" style=\"object-fit:cover;\" srcset=\"https:\/\/estado29.mx\/wp-content\/uploads\/2025\/02\/IMG-20250217-WA0033.jpg 1280w, https:\/\/estado29.mx\/wp-content\/uploads\/2025\/02\/IMG-20250217-WA0033-300x225.jpg 300w, https:\/\/estado29.mx\/wp-content\/uploads\/2025\/02\/IMG-20250217-WA0033-1024x768.jpg 1024w, https:\/\/estado29.mx\/wp-content\/uploads\/2025\/02\/IMG-20250217-WA0033-768x576.jpg 768w, https:\/\/estado29.mx\/wp-content\/uploads\/2025\/02\/IMG-20250217-WA0033-750x563.jpg 750w, https:\/\/estado29.mx\/wp-content\/uploads\/2025\/02\/IMG-20250217-WA0033-1140x855.jpg 1140w\" sizes=\"auto, (max-width: 1280px) 100vw, 1280px\" \/><\/figure>\n\n\n<p>La Secretar\u00eda de Bienestar de Tlaxcala realiz\u00f3 un estudio socioecon\u00f3mico a 16 tlaxcaltecas candidatos a recibir pr\u00f3tesis trantibiales y sillas de ruedas activas. El objetivo fue verificar que los beneficiarios cumplan con los criterios de elegibilidad del programa &#8220;Ayudas Funcionales para Personas con Discapacidad&#8221;.<\/p>\n\n\n\n<p>La titular de la dependencia estatal, Mar\u00eda Estela \u00c1lvarez Corona, explic\u00f3 que estas visitas son parte del proceso del programa. Los candidatos deben someterse a una evaluaci\u00f3n funcional y realizar ejercicios para fortalecer su equilibrio.<\/p>\n\n\n\n<p>Los beneficiarios recibir\u00e1n pr\u00f3tesis transtibiales y sillas activas que mejorar\u00e1n su calidad de vida y facilitar\u00e1n sus actividades cotidianas. El precio de estos dispositivos oscila entre 12 mil y 25 mil pesos, respectivamente.<\/p>\n\n\n\n<p>La Secretar\u00eda de Bienestar ha invertido m\u00e1s de 36.5 millones de pesos en la adquisici\u00f3n y entrega de ayudas funcionales para personas con discapacidad. Adem\u00e1s, ha entregado m\u00e1s de 65,000 apoyos a personas con discapacidad en la entidad.<\/p>\n","protected":false},"excerpt":{"rendered":"<p>La Secretar\u00eda de Bienestar de Tlaxcala realiz\u00f3 un estudio socioecon\u00f3mico a 16 tlaxcaltecas candidatos a recibir pr\u00f3tesis trantibiales y sillas de ruedas activas. El objetivo fue verificar que los beneficiarios cumplan con los criterios de elegibilidad del programa &#8220;Ayudas Funcionales para Personas con Discapacidad&#8221;. La titular de la dependencia estatal, Mar\u00eda Estela \u00c1lvarez Corona, explic\u00f3 [&hellip;]<\/p>\n","protected":false},"author":4,"featured_media":93408,"comment_status":"open","ping_status":"open","sticky":false,"template":"","format":"standard","meta":{"om_disable_all_campaigns":false,"_monsterinsights_skip_tracking":false,"_monsterinsights_sitenote_active":false,"_monsterinsights_sitenote_note":"","_monsterinsights_sitenote_category":0,"jnews-multi-image_gallery":[],"jnews_single_post":{"format":"standard"},"jnews_primary_category":[],"footnotes":""},"categories":[1],"tags":[],"class_list":["post-93406","post","type-post","status-publish","format-standard","has-post-thumbnail","hentry","category-uncategorized"],"aioseo_notices":[],"_links":{"self":[{"href":"https:\/\/estado29.mx\/index.php?rest_route=\/wp\/v2\/posts\/93406","targetHints":{"allow":["GET"]}}],"collection":[{"href":"https:\/\/estado29.mx\/index.php?rest_route=\/wp\/v2\/posts"}],"about":[{"href":"https:\/\/estado29.mx\/index.php?rest_route=\/wp\/v2\/types\/post"}],"author":[{"embeddable":true,"href":"https:\/\/estado29.mx\/index.php?rest_route=\/wp\/v2\/users\/4"}],"replies":[{"embeddable":true,"href":"https:\/\/estado29.mx\/index.php?rest_route=%2Fwp%2Fv2%2Fcomments&post=93406"}],"version-history":[{"count":1,"href":"https:\/\/estado29.mx\/index.php?rest_route=\/wp\/v2\/posts\/93406\/revisions"}],"predecessor-version":[{"id":93409,"href":"https:\/\/estado29.mx\/index.php?rest_route=\/wp\/v2\/posts\/93406\/revisions\/93409"}],"wp:featuredmedia":[{"embeddable":true,"href":"https:\/\/estado29.mx\/index.php?rest_route=\/wp\/v2\/media\/93408"}],"wp:attachment":[{"href":"https:\/\/estado29.mx\/index.php?rest_route=%2Fwp%2Fv2%2Fmedia&parent=93406"}],"wp:term":[{"taxonomy":"category","embeddable":true,"href":"https:\/\/estado29.mx\/index.php?rest_route=%2Fwp%2Fv2%2Fcategories&post=93406"},{"taxonomy":"post_tag","embeddable":true,"href":"https:\/\/estado29.mx\/index.php?rest_route=%2Fwp%2Fv2%2Ftags&post=93406"}],"curies":[{"name":"wp","href":"https:\/\/api.w.org\/{rel}","templated":true}]}}