{"id":93423,"date":"2025-02-17T18:28:52","date_gmt":"2025-02-17T18:28:52","guid":{"rendered":"https:\/\/estado29.mx\/?p=93423"},"modified":"2025-02-17T18:28:53","modified_gmt":"2025-02-17T18:28:53","slug":"entregan-autoridades-de-tequexquitla-obra-de-rehabilitacion-de-pozo-totolcingo-a-tequexquiteros","status":"publish","type":"post","link":"https:\/\/estado29.mx\/?p=93423","title":{"rendered":"Entregan autoridades de Tequexquitla obra de rehabilitaci\u00f3n de pozo Totolcingo a Tequexquiteros."},"content":{"rendered":"\n<p><br>Este s\u00e1bado, autoridades de El Carmen Tequexquitla, hicieron entrega de la rehabilitaci\u00f3n del pozo Totolcingo a tequexquiteros, la presidenta municipal Mar\u00eda Aracely Mart\u00ednez Cort\u00e9s, detall\u00f3 que esta importante infraestructura hidr\u00e1ulica beneficiar\u00e1 a la comunidad, garantizando el acceso a agua potable y mejorando la calidad de vida de los habitantes.<\/p>\n\n\n\n<p><br>Asimismo, dijo que lo que hace que este pozo sea a\u00fan m\u00e1s especial es que funciona con energ\u00eda solar, lo que reduce la dependencia de fuentes de energ\u00eda no renovables y contribuye a la sostenibilidad del medio ambiente.<\/p>\n\n\n\n<figure class=\"wp-block-image size-full\"><img loading=\"lazy\" decoding=\"async\" width=\"720\" height=\"540\" src=\"https:\/\/estado29.mx\/wp-content\/uploads\/2025\/02\/FB_IMG_1739678996055.jpg\" alt=\"\" class=\"wp-image-93425\" srcset=\"https:\/\/estado29.mx\/wp-content\/uploads\/2025\/02\/FB_IMG_1739678996055.jpg 720w, https:\/\/estado29.mx\/wp-content\/uploads\/2025\/02\/FB_IMG_1739678996055-300x225.jpg 300w\" sizes=\"auto, (max-width: 720px) 100vw, 720px\" \/><\/figure>\n\n\n\n<p><br>La alcaldesa agreg\u00f3 que sumado a lo anterior, se est\u00e1n llevando a cabo obras de restauraci\u00f3n en la alberca azufrada para uso recreativo, lo que permitir\u00e1 a la comunidad disfrutar de un espacio de esparcimiento y relajaci\u00f3n.<\/p>\n\n\n\n<p><br>Para finalizar puntualiz\u00f3 a que el ayuntamiento de El Carmen Tequexquitla seguir\u00e1 trabajando por el bienestar y el desarrollo de la comunidad.<\/p>\n\n\n<figure class=\"wp-block-post-featured-image\"><img loading=\"lazy\" decoding=\"async\" width=\"720\" height=\"540\" src=\"https:\/\/estado29.mx\/wp-content\/uploads\/2025\/02\/FB_IMG_1739678951339.jpg\" class=\"attachment-post-thumbnail size-post-thumbnail wp-post-image\" alt=\"\" style=\"object-fit:cover;\" srcset=\"https:\/\/estado29.mx\/wp-content\/uploads\/2025\/02\/FB_IMG_1739678951339.jpg 720w, https:\/\/estado29.mx\/wp-content\/uploads\/2025\/02\/FB_IMG_1739678951339-300x225.jpg 300w\" sizes=\"auto, (max-width: 720px) 100vw, 720px\" \/><\/figure>","protected":false},"excerpt":{"rendered":"<p>Este s\u00e1bado, autoridades de El Carmen Tequexquitla, hicieron entrega de la rehabilitaci\u00f3n del pozo Totolcingo a tequexquiteros, la presidenta municipal Mar\u00eda Aracely Mart\u00ednez Cort\u00e9s, detall\u00f3 que esta importante infraestructura hidr\u00e1ulica beneficiar\u00e1 a la comunidad, garantizando el acceso a agua potable y mejorando la calidad de vida de los habitantes. Asimismo, dijo que lo que hace [&hellip;]<\/p>\n","protected":false},"author":7,"featured_media":93424,"comment_status":"open","ping_status":"open","sticky":false,"template":"","format":"standard","meta":{"om_disable_all_campaigns":false,"_monsterinsights_skip_tracking":false,"_monsterinsights_sitenote_active":false,"_monsterinsights_sitenote_note":"","_monsterinsights_sitenote_category":0,"jnews-multi-image_gallery":[],"jnews_single_post":{"format":"standard"},"jnews_primary_category":[],"footnotes":""},"categories":[1],"tags":[],"class_list":["post-93423","post","type-post","status-publish","format-standard","has-post-thumbnail","hentry","category-uncategorized"],"aioseo_notices":[],"_links":{"self":[{"href":"https:\/\/estado29.mx\/index.php?rest_route=\/wp\/v2\/posts\/93423","targetHints":{"allow":["GET"]}}],"collection":[{"href":"https:\/\/estado29.mx\/index.php?rest_route=\/wp\/v2\/posts"}],"about":[{"href":"https:\/\/estado29.mx\/index.php?rest_route=\/wp\/v2\/types\/post"}],"author":[{"embeddable":true,"href":"https:\/\/estado29.mx\/index.php?rest_route=\/wp\/v2\/users\/7"}],"replies":[{"embeddable":true,"href":"https:\/\/estado29.mx\/index.php?rest_route=%2Fwp%2Fv2%2Fcomments&post=93423"}],"version-history":[{"count":1,"href":"https:\/\/estado29.mx\/index.php?rest_route=\/wp\/v2\/posts\/93423\/revisions"}],"predecessor-version":[{"id":93426,"href":"https:\/\/estado29.mx\/index.php?rest_route=\/wp\/v2\/posts\/93423\/revisions\/93426"}],"wp:featuredmedia":[{"embeddable":true,"href":"https:\/\/estado29.mx\/index.php?rest_route=\/wp\/v2\/media\/93424"}],"wp:attachment":[{"href":"https:\/\/estado29.mx\/index.php?rest_route=%2Fwp%2Fv2%2Fmedia&parent=93423"}],"wp:term":[{"taxonomy":"category","embeddable":true,"href":"https:\/\/estado29.mx\/index.php?rest_route=%2Fwp%2Fv2%2Fcategories&post=93423"},{"taxonomy":"post_tag","embeddable":true,"href":"https:\/\/estado29.mx\/index.php?rest_route=%2Fwp%2Fv2%2Ftags&post=93423"}],"curies":[{"name":"wp","href":"https:\/\/api.w.org\/{rel}","templated":true}]}}