{"id":93438,"date":"2025-02-17T23:24:29","date_gmt":"2025-02-17T23:24:29","guid":{"rendered":"https:\/\/estado29.mx\/?p=93438"},"modified":"2025-02-17T23:24:30","modified_gmt":"2025-02-17T23:24:30","slug":"gobierno-de-mexico-convocatoria-de-la-escuela-es-nuestra-para-planteles-de-educacion-basica-y-media-superior-sera-de-febrero-a-abril","status":"publish","type":"post","link":"https:\/\/estado29.mx\/?p=93438","title":{"rendered":"GOBIERNO DE M\u00c9XICO: CONVOCATORIA DE LA ESCUELA ES NUESTRA PARA PLANTELES DE EDUCACI\u00d3N B\u00c1SICA Y MEDIA SUPERIOR SER\u00c1 DE FEBRERO A ABRIL"},"content":{"rendered":"<figure class=\"wp-block-post-featured-image\"><img loading=\"lazy\" decoding=\"async\" width=\"2560\" height=\"1707\" src=\"https:\/\/estado29.mx\/wp-content\/uploads\/2025\/02\/170225-CSP-CONFERENCIA-MATUTINA-1.jpeg\" class=\"attachment-post-thumbnail size-post-thumbnail wp-post-image\" alt=\"\" style=\"object-fit:cover;\" srcset=\"https:\/\/estado29.mx\/wp-content\/uploads\/2025\/02\/170225-CSP-CONFERENCIA-MATUTINA-1.jpeg 2560w, https:\/\/estado29.mx\/wp-content\/uploads\/2025\/02\/170225-CSP-CONFERENCIA-MATUTINA-1-300x200.jpeg 300w, https:\/\/estado29.mx\/wp-content\/uploads\/2025\/02\/170225-CSP-CONFERENCIA-MATUTINA-1-1024x683.jpeg 1024w, https:\/\/estado29.mx\/wp-content\/uploads\/2025\/02\/170225-CSP-CONFERENCIA-MATUTINA-1-768x512.jpeg 768w, https:\/\/estado29.mx\/wp-content\/uploads\/2025\/02\/170225-CSP-CONFERENCIA-MATUTINA-1-1536x1024.jpeg 1536w, https:\/\/estado29.mx\/wp-content\/uploads\/2025\/02\/170225-CSP-CONFERENCIA-MATUTINA-1-2048x1366.jpeg 2048w, https:\/\/estado29.mx\/wp-content\/uploads\/2025\/02\/170225-CSP-CONFERENCIA-MATUTINA-1-750x500.jpeg 750w, https:\/\/estado29.mx\/wp-content\/uploads\/2025\/02\/170225-CSP-CONFERENCIA-MATUTINA-1-1140x760.jpeg 1140w\" sizes=\"auto, (max-width: 2560px) 100vw, 2560px\" \/><\/figure>\n\n\n<p>En la conferencia matutina: \u201cLas ma\u00f1aneras del pueblo\u201d que encabeza la Presidenta de M\u00e9xico, Claudia Sheinbaum Pardo, la directora general del programa La Escuela es Nuestra, Pamela L\u00f3pez Ruiz, inform\u00f3 que la convocatoria para la inscripci\u00f3n de los planteles de Educaci\u00f3n B\u00e1sica y Media Superior estar\u00e1 abierta durante los meses de febrero, marzo y abril.*\u201cPedirles a las madres, padres, maestras, maestros y estudiantes que est\u00e9n atentos, porque durante las pr\u00f3ximas semanas de febrero y en los meses de marzo y abril se estar\u00e1n llevando a cabo las convocatorias en sus escuelas para las asambleas en donde se tomar\u00e1 la decisi\u00f3n en conjunto del uso de sus recursos y tambi\u00e9n elegir\u00e1n a sus representantes en los comit\u00e9s escolares de administraci\u00f3n participativa\u201d*, destac\u00f3.<\/p>\n\n\n\n<p>Anunci\u00f3 que para este a\u00f1o se atender\u00e1 a un total de 74 mil 100 escuelas en beneficio de 8.2 millones de estudiantes.Destac\u00f3 que en el caso de las escuelas de educaci\u00f3n b\u00e1sica se destinar\u00e1n 25 mil millones de pesos (mdp) al mejoramiento de 67 mil 900 escuelas de educaci\u00f3n b\u00e1sica con lo que se beneficiar\u00e1n a 6.3 millones estudiantes, priorizando la atenci\u00f3n en secundarias como parte del compromiso del Gobierno de M\u00e9xico con las y los j\u00f3venes del pa\u00eds. En este caso los montos de los recursos se entregan seg\u00fan la matr\u00edcula registrada, por lo que el apoyo va desde los 200 mil, 250 mil y hasta los 600 mil pesos.<\/p>\n","protected":false},"excerpt":{"rendered":"<p>En la conferencia matutina: \u201cLas ma\u00f1aneras del pueblo\u201d que encabeza la Presidenta de M\u00e9xico, Claudia Sheinbaum Pardo, la directora general del programa La Escuela es Nuestra, Pamela L\u00f3pez Ruiz, inform\u00f3 que la convocatoria para la inscripci\u00f3n de los planteles de Educaci\u00f3n B\u00e1sica y Media Superior estar\u00e1 abierta durante los meses de febrero, marzo y abril.*\u201cPedirles [&hellip;]<\/p>\n","protected":false},"author":4,"featured_media":93439,"comment_status":"open","ping_status":"open","sticky":false,"template":"","format":"standard","meta":{"om_disable_all_campaigns":false,"_monsterinsights_skip_tracking":false,"_monsterinsights_sitenote_active":false,"_monsterinsights_sitenote_note":"","_monsterinsights_sitenote_category":0,"jnews-multi-image_gallery":[],"jnews_single_post":{"format":"standard"},"jnews_primary_category":[],"footnotes":""},"categories":[1],"tags":[],"class_list":["post-93438","post","type-post","status-publish","format-standard","has-post-thumbnail","hentry","category-uncategorized"],"aioseo_notices":[],"_links":{"self":[{"href":"https:\/\/estado29.mx\/index.php?rest_route=\/wp\/v2\/posts\/93438","targetHints":{"allow":["GET"]}}],"collection":[{"href":"https:\/\/estado29.mx\/index.php?rest_route=\/wp\/v2\/posts"}],"about":[{"href":"https:\/\/estado29.mx\/index.php?rest_route=\/wp\/v2\/types\/post"}],"author":[{"embeddable":true,"href":"https:\/\/estado29.mx\/index.php?rest_route=\/wp\/v2\/users\/4"}],"replies":[{"embeddable":true,"href":"https:\/\/estado29.mx\/index.php?rest_route=%2Fwp%2Fv2%2Fcomments&post=93438"}],"version-history":[{"count":1,"href":"https:\/\/estado29.mx\/index.php?rest_route=\/wp\/v2\/posts\/93438\/revisions"}],"predecessor-version":[{"id":93440,"href":"https:\/\/estado29.mx\/index.php?rest_route=\/wp\/v2\/posts\/93438\/revisions\/93440"}],"wp:featuredmedia":[{"embeddable":true,"href":"https:\/\/estado29.mx\/index.php?rest_route=\/wp\/v2\/media\/93439"}],"wp:attachment":[{"href":"https:\/\/estado29.mx\/index.php?rest_route=%2Fwp%2Fv2%2Fmedia&parent=93438"}],"wp:term":[{"taxonomy":"category","embeddable":true,"href":"https:\/\/estado29.mx\/index.php?rest_route=%2Fwp%2Fv2%2Fcategories&post=93438"},{"taxonomy":"post_tag","embeddable":true,"href":"https:\/\/estado29.mx\/index.php?rest_route=%2Fwp%2Fv2%2Ftags&post=93438"}],"curies":[{"name":"wp","href":"https:\/\/api.w.org\/{rel}","templated":true}]}}