{"id":93441,"date":"2025-02-17T23:27:54","date_gmt":"2025-02-17T23:27:54","guid":{"rendered":"https:\/\/estado29.mx\/?p=93441"},"modified":"2025-02-17T23:27:54","modified_gmt":"2025-02-17T23:27:54","slug":"gobierno-de-mexico-informa-que-del-17-al-28-de-febrero-arranca-registro-a-las-pensiones-bienestar","status":"publish","type":"post","link":"https:\/\/estado29.mx\/?p=93441","title":{"rendered":"Gobierno de M\u00e9xico informa que del 17 al 28 de febrero arranca registro a las pensiones bienestar"},"content":{"rendered":"<figure class=\"wp-block-post-featured-image\"><img loading=\"lazy\" decoding=\"async\" width=\"1707\" height=\"2560\" src=\"https:\/\/estado29.mx\/wp-content\/uploads\/2025\/02\/170225-CSP-CONFERENCIA-MATUTINA-3.jpeg\" class=\"attachment-post-thumbnail size-post-thumbnail wp-post-image\" alt=\"\" style=\"object-fit:cover;\" srcset=\"https:\/\/estado29.mx\/wp-content\/uploads\/2025\/02\/170225-CSP-CONFERENCIA-MATUTINA-3.jpeg 1707w, https:\/\/estado29.mx\/wp-content\/uploads\/2025\/02\/170225-CSP-CONFERENCIA-MATUTINA-3-200x300.jpeg 200w, https:\/\/estado29.mx\/wp-content\/uploads\/2025\/02\/170225-CSP-CONFERENCIA-MATUTINA-3-683x1024.jpeg 683w, https:\/\/estado29.mx\/wp-content\/uploads\/2025\/02\/170225-CSP-CONFERENCIA-MATUTINA-3-768x1152.jpeg 768w, https:\/\/estado29.mx\/wp-content\/uploads\/2025\/02\/170225-CSP-CONFERENCIA-MATUTINA-3-1024x1536.jpeg 1024w, https:\/\/estado29.mx\/wp-content\/uploads\/2025\/02\/170225-CSP-CONFERENCIA-MATUTINA-3-1366x2048.jpeg 1366w, https:\/\/estado29.mx\/wp-content\/uploads\/2025\/02\/170225-CSP-CONFERENCIA-MATUTINA-3-750x1125.jpeg 750w, https:\/\/estado29.mx\/wp-content\/uploads\/2025\/02\/170225-CSP-CONFERENCIA-MATUTINA-3-1140x1710.jpeg 1140w\" sizes=\"auto, (max-width: 1707px) 100vw, 1707px\" \/><\/figure>\n\n\n<p>Durante la conferencia matutina: \u201cLas ma\u00f1aneras del pueblo\u201d, encabezada por la Presidenta Claudia Sheinbaum Pardo, el Gobierno de M\u00e9xico inform\u00f3 que, a partir de hoy 17 y hasta el 28 de febrero, inicia el registro a las Pensiones para el Bienestar de Adultos Mayores de 65 a\u00f1os; de Personas con Discapacidad; y Mujeres Bienestar.<\/p>\n\n\n\n<p>Por ello, la Jefa del Ejecutivo Federal destac\u00f3 que es momento de la Cuarta Transformaci\u00f3n de la Vida P\u00fablica de M\u00e9xico, dado que en el Segundo Piso contin\u00faan todos los Programas para el Bienestar que durante el primer bimestre de enero-febrero benefici\u00f3 a 15.2 millones de personas. *\u201cTodos los programas de Bienestar contin\u00faan: Se est\u00e1n inscribiendo los nuevos adultos mayores. El programa de mujeres, ya 63 y 64 a\u00f1os ya se termin\u00f3 la inscripci\u00f3n, ya un mill\u00f3n de mujeres pr\u00e1cticamente han recibido su pensi\u00f3n. Se est\u00e1n haciendo las asambleas para las tarjetas de la Beca \u2018Rita Cetina\u2019; ya empiezan las asambleas en la educaci\u00f3n media superior. Y pues es el momento de la Cuarta Transformaci\u00f3n\u201d*, destac\u00f3.<\/p>\n\n\n\n<p>Agreg\u00f3 que, adem\u00e1s de que se fortalecen los Programas para el Bienestar tambi\u00e9n se impulsa la educaci\u00f3n media superior, para lo cual se elimina la Comisi\u00f3n Metropolitana de Instituciones P\u00fablicas de Educaci\u00f3n Media Superior (COMIPEMS) y se garantiza que las y los estudiantes tengan un lugar en alguna de las instituciones de bachillerato de la Secretar\u00eda de Educaci\u00f3n P\u00fablica (SEP).*\u201cMuch\u00edsimos pa\u00edses del mundo no tienen ex\u00e1menes para media superior, incluso, nuestros vecinos del norte los j\u00f3venes van a la escuela que les quede m\u00e1s cerca de su casa, y es lo que nosotros queremos, que haya suficientes preparatorias, que ahora son dos modalidades de preparatoria: el Bachillerato Nacional y el Bachillerato Nacional T\u00e9cnico\u201d*, coment\u00f3. <\/p>\n","protected":false},"excerpt":{"rendered":"<p>Durante la conferencia matutina: \u201cLas ma\u00f1aneras del pueblo\u201d, encabezada por la Presidenta Claudia Sheinbaum Pardo, el Gobierno de M\u00e9xico inform\u00f3 que, a partir de hoy 17 y hasta el 28 de febrero, inicia el registro a las Pensiones para el Bienestar de Adultos Mayores de 65 a\u00f1os; de Personas con Discapacidad; y Mujeres Bienestar. Por [&hellip;]<\/p>\n","protected":false},"author":4,"featured_media":93442,"comment_status":"open","ping_status":"open","sticky":false,"template":"","format":"standard","meta":{"om_disable_all_campaigns":false,"_monsterinsights_skip_tracking":false,"_monsterinsights_sitenote_active":false,"_monsterinsights_sitenote_note":"","_monsterinsights_sitenote_category":0,"jnews-multi-image_gallery":[],"jnews_single_post":{"format":"standard"},"jnews_primary_category":[],"footnotes":""},"categories":[1],"tags":[],"class_list":["post-93441","post","type-post","status-publish","format-standard","has-post-thumbnail","hentry","category-uncategorized"],"aioseo_notices":[],"_links":{"self":[{"href":"https:\/\/estado29.mx\/index.php?rest_route=\/wp\/v2\/posts\/93441","targetHints":{"allow":["GET"]}}],"collection":[{"href":"https:\/\/estado29.mx\/index.php?rest_route=\/wp\/v2\/posts"}],"about":[{"href":"https:\/\/estado29.mx\/index.php?rest_route=\/wp\/v2\/types\/post"}],"author":[{"embeddable":true,"href":"https:\/\/estado29.mx\/index.php?rest_route=\/wp\/v2\/users\/4"}],"replies":[{"embeddable":true,"href":"https:\/\/estado29.mx\/index.php?rest_route=%2Fwp%2Fv2%2Fcomments&post=93441"}],"version-history":[{"count":1,"href":"https:\/\/estado29.mx\/index.php?rest_route=\/wp\/v2\/posts\/93441\/revisions"}],"predecessor-version":[{"id":93443,"href":"https:\/\/estado29.mx\/index.php?rest_route=\/wp\/v2\/posts\/93441\/revisions\/93443"}],"wp:featuredmedia":[{"embeddable":true,"href":"https:\/\/estado29.mx\/index.php?rest_route=\/wp\/v2\/media\/93442"}],"wp:attachment":[{"href":"https:\/\/estado29.mx\/index.php?rest_route=%2Fwp%2Fv2%2Fmedia&parent=93441"}],"wp:term":[{"taxonomy":"category","embeddable":true,"href":"https:\/\/estado29.mx\/index.php?rest_route=%2Fwp%2Fv2%2Fcategories&post=93441"},{"taxonomy":"post_tag","embeddable":true,"href":"https:\/\/estado29.mx\/index.php?rest_route=%2Fwp%2Fv2%2Ftags&post=93441"}],"curies":[{"name":"wp","href":"https:\/\/api.w.org\/{rel}","templated":true}]}}