{"id":93447,"date":"2025-02-18T20:27:26","date_gmt":"2025-02-18T20:27:26","guid":{"rendered":"https:\/\/estado29.mx\/?p=93447"},"modified":"2025-02-18T20:27:26","modified_gmt":"2025-02-18T20:27:26","slug":"colocan-autoridades-estatales-y-municipales-colocacion-de-la-primera-piedra-de-la-construccion-de-la-central-de-abastos-en-huamantla","status":"publish","type":"post","link":"https:\/\/estado29.mx\/?p=93447","title":{"rendered":"Colocan Autoridades estatales y municipales Colocaci\u00f3n de la Primera Piedra de la Construcci\u00f3n de la Central de Abastos en Huamantla."},"content":{"rendered":"\n<p><\/p>\n\n\n\n<p><br>Este martes 18 de febrero, se llev\u00f3 a cabo en el municipio de Huamantla, la colocaci\u00f3n de la primera piedra de construcci\u00f3n de lo que ser\u00e1 la Central de Abastos en este lugar.<\/p>\n\n\n\n<figure class=\"wp-block-image size-large\"><img loading=\"lazy\" decoding=\"async\" width=\"1024\" height=\"768\" src=\"https:\/\/estado29.mx\/wp-content\/uploads\/2025\/02\/IMG_20250218_132446-min-1024x768.jpg\" alt=\"\" class=\"wp-image-93449\" srcset=\"https:\/\/estado29.mx\/wp-content\/uploads\/2025\/02\/IMG_20250218_132446-min-1024x768.jpg 1024w, https:\/\/estado29.mx\/wp-content\/uploads\/2025\/02\/IMG_20250218_132446-min-300x225.jpg 300w, https:\/\/estado29.mx\/wp-content\/uploads\/2025\/02\/IMG_20250218_132446-min-768x576.jpg 768w, https:\/\/estado29.mx\/wp-content\/uploads\/2025\/02\/IMG_20250218_132446-min-1536x1152.jpg 1536w, https:\/\/estado29.mx\/wp-content\/uploads\/2025\/02\/IMG_20250218_132446-min-2048x1536.jpg 2048w, https:\/\/estado29.mx\/wp-content\/uploads\/2025\/02\/IMG_20250218_132446-min-750x563.jpg 750w, https:\/\/estado29.mx\/wp-content\/uploads\/2025\/02\/IMG_20250218_132446-min-1140x855.jpg 1140w\" sizes=\"auto, (max-width: 1024px) 100vw, 1024px\" \/><\/figure>\n\n\n\n<p><br>El Presidente Municipal de Huamantla Juan Salvador Santos Cedillo en su mensaje, destac\u00f3 que este proyecto llevaba a\u00f1os de planeaci\u00f3n y en espera, por lo que al fin ser\u00e1 una realidad para Huamantla y la Regi\u00f3n Oriente de Tlaxcala.<\/p>\n\n\n\n<p>El alcalde agradeci\u00f3 el apoyo y compromiso de la Gobernadora Lorena Cuellar, en trabajar en beneficio de la poblaci\u00f3n de Huamantla, por lo que mediante esta obra, se lograr\u00e1 un mayor desarrollo y atracci\u00f3n de inversi\u00f3n e impulso econ\u00f3mico local.<\/p>\n\n\n\n<figure class=\"wp-block-image size-large\"><img loading=\"lazy\" decoding=\"async\" width=\"1024\" height=\"768\" src=\"https:\/\/estado29.mx\/wp-content\/uploads\/2025\/02\/IMG_20250218_132534-min-1024x768.jpg\" alt=\"\" class=\"wp-image-93450\" srcset=\"https:\/\/estado29.mx\/wp-content\/uploads\/2025\/02\/IMG_20250218_132534-min-1024x768.jpg 1024w, https:\/\/estado29.mx\/wp-content\/uploads\/2025\/02\/IMG_20250218_132534-min-300x225.jpg 300w, https:\/\/estado29.mx\/wp-content\/uploads\/2025\/02\/IMG_20250218_132534-min-768x576.jpg 768w, https:\/\/estado29.mx\/wp-content\/uploads\/2025\/02\/IMG_20250218_132534-min-1536x1152.jpg 1536w, https:\/\/estado29.mx\/wp-content\/uploads\/2025\/02\/IMG_20250218_132534-min-2048x1536.jpg 2048w, https:\/\/estado29.mx\/wp-content\/uploads\/2025\/02\/IMG_20250218_132534-min-750x563.jpg 750w, https:\/\/estado29.mx\/wp-content\/uploads\/2025\/02\/IMG_20250218_132534-min-1140x855.jpg 1140w\" sizes=\"auto, (max-width: 1024px) 100vw, 1024px\" \/><\/figure>\n\n\n\n<p><br>Asimismo, Diego Corona Cremen, Secretario de Infraestructura en el Estado, detall\u00f3 que estas acciones comprender\u00e1n una inversi\u00f3n, tanto del gobierno municipal como del gobierno estatal, superior a los 110 millones, en su primera etapa.<\/p>\n\n\n\n<p><br>Asimismo, El Secretario de Infraestructura en Tlaxcala, extern\u00f3 que la obra tendr\u00e1 una inversi\u00f3n total que asciende a m\u00e1s de 205 millones de pesos, asimismo, explic\u00f3 que se realizar\u00e1 la construcci\u00f3n de un patio de 1564 metros cuadrados, un patio de maniobras de 2024 metros, un auditorio de 489 metros cuadrados, estacionamiento p\u00fablico para 49 cajones y 21 m\u00e1s para camiones, as\u00ed como 188 locales comerciales.<\/p>\n\n\n\n<figure class=\"wp-block-image size-large\"><img loading=\"lazy\" decoding=\"async\" width=\"1024\" height=\"768\" src=\"https:\/\/estado29.mx\/wp-content\/uploads\/2025\/02\/IMG_20250218_132548-min-1024x768.jpg\" alt=\"\" class=\"wp-image-93451\" srcset=\"https:\/\/estado29.mx\/wp-content\/uploads\/2025\/02\/IMG_20250218_132548-min-1024x768.jpg 1024w, https:\/\/estado29.mx\/wp-content\/uploads\/2025\/02\/IMG_20250218_132548-min-300x225.jpg 300w, https:\/\/estado29.mx\/wp-content\/uploads\/2025\/02\/IMG_20250218_132548-min-768x576.jpg 768w, https:\/\/estado29.mx\/wp-content\/uploads\/2025\/02\/IMG_20250218_132548-min-1536x1152.jpg 1536w, https:\/\/estado29.mx\/wp-content\/uploads\/2025\/02\/IMG_20250218_132548-min-2048x1536.jpg 2048w, https:\/\/estado29.mx\/wp-content\/uploads\/2025\/02\/IMG_20250218_132548-min-750x563.jpg 750w, https:\/\/estado29.mx\/wp-content\/uploads\/2025\/02\/IMG_20250218_132548-min-1140x855.jpg 1140w\" sizes=\"auto, (max-width: 1024px) 100vw, 1024px\" \/><\/figure>\n\n\n\n<p>Por su parte la Gobernadora de Tlaxcala, Lorena Cuellar Cisneros, dijo que a trav\u00e9s de estas acciones su gobierno trabaja en beneficio de los diversos sectores de la poblaci\u00f3n.<\/p>\n\n\n\n<p><br>Dijo que este proyecto se realiz\u00f3 con pasi\u00f3n, con amor, as\u00ed como ser tercos como cuando se tiene un sue\u00f1o, para logar que se haga realidad.<\/p>\n\n\n<figure class=\"wp-block-post-featured-image\"><img loading=\"lazy\" decoding=\"async\" width=\"2560\" height=\"1920\" src=\"https:\/\/estado29.mx\/wp-content\/uploads\/2025\/02\/IMG_20250218_130522-min-scaled.jpg\" class=\"attachment-post-thumbnail size-post-thumbnail wp-post-image\" alt=\"\" style=\"object-fit:cover;\" srcset=\"https:\/\/estado29.mx\/wp-content\/uploads\/2025\/02\/IMG_20250218_130522-min-scaled.jpg 2560w, https:\/\/estado29.mx\/wp-content\/uploads\/2025\/02\/IMG_20250218_130522-min-300x225.jpg 300w, https:\/\/estado29.mx\/wp-content\/uploads\/2025\/02\/IMG_20250218_130522-min-1024x768.jpg 1024w, https:\/\/estado29.mx\/wp-content\/uploads\/2025\/02\/IMG_20250218_130522-min-768x576.jpg 768w, https:\/\/estado29.mx\/wp-content\/uploads\/2025\/02\/IMG_20250218_130522-min-1536x1152.jpg 1536w, https:\/\/estado29.mx\/wp-content\/uploads\/2025\/02\/IMG_20250218_130522-min-2048x1536.jpg 2048w, https:\/\/estado29.mx\/wp-content\/uploads\/2025\/02\/IMG_20250218_130522-min-750x563.jpg 750w, https:\/\/estado29.mx\/wp-content\/uploads\/2025\/02\/IMG_20250218_130522-min-1140x855.jpg 1140w\" sizes=\"auto, (max-width: 2560px) 100vw, 2560px\" \/><\/figure>","protected":false},"excerpt":{"rendered":"<p>Este martes 18 de febrero, se llev\u00f3 a cabo en el municipio de Huamantla, la colocaci\u00f3n de la primera piedra de construcci\u00f3n de lo que ser\u00e1 la Central de Abastos en este lugar. El Presidente Municipal de Huamantla Juan Salvador Santos Cedillo en su mensaje, destac\u00f3 que este proyecto llevaba a\u00f1os de planeaci\u00f3n y en [&hellip;]<\/p>\n","protected":false},"author":7,"featured_media":93448,"comment_status":"open","ping_status":"open","sticky":false,"template":"","format":"standard","meta":{"om_disable_all_campaigns":false,"_monsterinsights_skip_tracking":false,"_monsterinsights_sitenote_active":false,"_monsterinsights_sitenote_note":"","_monsterinsights_sitenote_category":0,"jnews-multi-image_gallery":[],"jnews_single_post":{"format":"standard"},"jnews_primary_category":[],"footnotes":""},"categories":[1],"tags":[],"class_list":["post-93447","post","type-post","status-publish","format-standard","has-post-thumbnail","hentry","category-uncategorized"],"aioseo_notices":[],"_links":{"self":[{"href":"https:\/\/estado29.mx\/index.php?rest_route=\/wp\/v2\/posts\/93447","targetHints":{"allow":["GET"]}}],"collection":[{"href":"https:\/\/estado29.mx\/index.php?rest_route=\/wp\/v2\/posts"}],"about":[{"href":"https:\/\/estado29.mx\/index.php?rest_route=\/wp\/v2\/types\/post"}],"author":[{"embeddable":true,"href":"https:\/\/estado29.mx\/index.php?rest_route=\/wp\/v2\/users\/7"}],"replies":[{"embeddable":true,"href":"https:\/\/estado29.mx\/index.php?rest_route=%2Fwp%2Fv2%2Fcomments&post=93447"}],"version-history":[{"count":1,"href":"https:\/\/estado29.mx\/index.php?rest_route=\/wp\/v2\/posts\/93447\/revisions"}],"predecessor-version":[{"id":93452,"href":"https:\/\/estado29.mx\/index.php?rest_route=\/wp\/v2\/posts\/93447\/revisions\/93452"}],"wp:featuredmedia":[{"embeddable":true,"href":"https:\/\/estado29.mx\/index.php?rest_route=\/wp\/v2\/media\/93448"}],"wp:attachment":[{"href":"https:\/\/estado29.mx\/index.php?rest_route=%2Fwp%2Fv2%2Fmedia&parent=93447"}],"wp:term":[{"taxonomy":"category","embeddable":true,"href":"https:\/\/estado29.mx\/index.php?rest_route=%2Fwp%2Fv2%2Fcategories&post=93447"},{"taxonomy":"post_tag","embeddable":true,"href":"https:\/\/estado29.mx\/index.php?rest_route=%2Fwp%2Fv2%2Ftags&post=93447"}],"curies":[{"name":"wp","href":"https:\/\/api.w.org\/{rel}","templated":true}]}}