{"id":93489,"date":"2025-02-19T19:16:16","date_gmt":"2025-02-19T19:16:16","guid":{"rendered":"https:\/\/estado29.mx\/?p=93489"},"modified":"2025-02-19T19:16:16","modified_gmt":"2025-02-19T19:16:16","slug":"presidenta-claudia-sheinbaum-no-tengo-miedo-tengo-un-pueblo-que-me-respalda","status":"publish","type":"post","link":"https:\/\/estado29.mx\/?p=93489","title":{"rendered":"Presidenta Claudia Sheinbaum: No tengo miedo, tengo un pueblo que me respalda"},"content":{"rendered":"<figure class=\"wp-block-post-featured-image\"><img loading=\"lazy\" decoding=\"async\" width=\"1500\" height=\"1000\" src=\"https:\/\/estado29.mx\/wp-content\/uploads\/2025\/02\/IMG-20250219-WA0017.jpg\" class=\"attachment-post-thumbnail size-post-thumbnail wp-post-image\" alt=\"\" style=\"object-fit:cover;\" srcset=\"https:\/\/estado29.mx\/wp-content\/uploads\/2025\/02\/IMG-20250219-WA0017.jpg 1500w, https:\/\/estado29.mx\/wp-content\/uploads\/2025\/02\/IMG-20250219-WA0017-300x200.jpg 300w, https:\/\/estado29.mx\/wp-content\/uploads\/2025\/02\/IMG-20250219-WA0017-1024x683.jpg 1024w, https:\/\/estado29.mx\/wp-content\/uploads\/2025\/02\/IMG-20250219-WA0017-768x512.jpg 768w, https:\/\/estado29.mx\/wp-content\/uploads\/2025\/02\/IMG-20250219-WA0017-750x500.jpg 750w, https:\/\/estado29.mx\/wp-content\/uploads\/2025\/02\/IMG-20250219-WA0017-1140x760.jpg 1140w\" sizes=\"auto, (max-width: 1500px) 100vw, 1500px\" \/><\/figure>\n\n\n<p>Cuando uno tiene la certeza y la convicci\u00f3n y sabe cu\u00e1les son sus principios, \u00bfpor qu\u00e9 uno va a tener miedo?\u201d, asever\u00f3.<\/p>\n\n\n\n<p>La Presidenta Claudia Sheinbaum Pardo, destac\u00f3 que no tiene miedo, ya que el pueblo de M\u00e9xico la respalda, esto ante las declaraciones del Presidente de Estados Unidos, Donald Trump sobre la deportaci\u00f3n de miles de migrantes mexicanos; la imposici\u00f3n de aranceles y la entrada de soldados estadounidenses en territorio mexicano.*\u201cTengo un pueblo que me respalda. Cuando uno tiene la certeza y la convicci\u00f3n y sabe cu\u00e1les son sus principios, \u00bfpor qu\u00e9 uno va a tener miedo?\u201d*, respondi\u00f3 a pregunta expresa de un medio de comunicaci\u00f3n.<\/p>\n\n\n\n<p>Destac\u00f3 que al momento hay un di\u00e1logo entre los gobiernos de ambas naciones y asever\u00f3 que nunca se permitir\u00e1 que la soberan\u00eda de M\u00e9xico sea vulnerada.*\u201cPrimero, hay este momento di\u00e1logo. Y nosotros no vamos a permitir nunca que se vulnere la soberan\u00eda; y si llegara a vulnerarse, hay un pueblo entero para defender a su patria\u201d*, agreg\u00f3.<\/p>\n","protected":false},"excerpt":{"rendered":"<p>Cuando uno tiene la certeza y la convicci\u00f3n y sabe cu\u00e1les son sus principios, \u00bfpor qu\u00e9 uno va a tener miedo?\u201d, asever\u00f3. La Presidenta Claudia Sheinbaum Pardo, destac\u00f3 que no tiene miedo, ya que el pueblo de M\u00e9xico la respalda, esto ante las declaraciones del Presidente de Estados Unidos, Donald Trump sobre la deportaci\u00f3n de [&hellip;]<\/p>\n","protected":false},"author":4,"featured_media":93490,"comment_status":"open","ping_status":"open","sticky":false,"template":"","format":"standard","meta":{"om_disable_all_campaigns":false,"_monsterinsights_skip_tracking":false,"_monsterinsights_sitenote_active":false,"_monsterinsights_sitenote_note":"","_monsterinsights_sitenote_category":0,"jnews-multi-image_gallery":[],"jnews_single_post":{"format":"standard"},"jnews_primary_category":[],"footnotes":""},"categories":[1],"tags":[],"class_list":["post-93489","post","type-post","status-publish","format-standard","has-post-thumbnail","hentry","category-uncategorized"],"aioseo_notices":[],"_links":{"self":[{"href":"https:\/\/estado29.mx\/index.php?rest_route=\/wp\/v2\/posts\/93489","targetHints":{"allow":["GET"]}}],"collection":[{"href":"https:\/\/estado29.mx\/index.php?rest_route=\/wp\/v2\/posts"}],"about":[{"href":"https:\/\/estado29.mx\/index.php?rest_route=\/wp\/v2\/types\/post"}],"author":[{"embeddable":true,"href":"https:\/\/estado29.mx\/index.php?rest_route=\/wp\/v2\/users\/4"}],"replies":[{"embeddable":true,"href":"https:\/\/estado29.mx\/index.php?rest_route=%2Fwp%2Fv2%2Fcomments&post=93489"}],"version-history":[{"count":1,"href":"https:\/\/estado29.mx\/index.php?rest_route=\/wp\/v2\/posts\/93489\/revisions"}],"predecessor-version":[{"id":93491,"href":"https:\/\/estado29.mx\/index.php?rest_route=\/wp\/v2\/posts\/93489\/revisions\/93491"}],"wp:featuredmedia":[{"embeddable":true,"href":"https:\/\/estado29.mx\/index.php?rest_route=\/wp\/v2\/media\/93490"}],"wp:attachment":[{"href":"https:\/\/estado29.mx\/index.php?rest_route=%2Fwp%2Fv2%2Fmedia&parent=93489"}],"wp:term":[{"taxonomy":"category","embeddable":true,"href":"https:\/\/estado29.mx\/index.php?rest_route=%2Fwp%2Fv2%2Fcategories&post=93489"},{"taxonomy":"post_tag","embeddable":true,"href":"https:\/\/estado29.mx\/index.php?rest_route=%2Fwp%2Fv2%2Ftags&post=93489"}],"curies":[{"name":"wp","href":"https:\/\/api.w.org\/{rel}","templated":true}]}}