{"id":93496,"date":"2025-02-19T21:41:55","date_gmt":"2025-02-19T21:41:55","guid":{"rendered":"https:\/\/estado29.mx\/?p=93496"},"modified":"2025-02-19T21:41:56","modified_gmt":"2025-02-19T21:41:56","slug":"encabeza-gobernadora-de-tlaxcala-la-ceremonia-conmemorativa-al-112-aniversario-del-dia-del-ejercito-mexicano","status":"publish","type":"post","link":"https:\/\/estado29.mx\/?p=93496","title":{"rendered":"Encabeza Gobernadora de Tlaxcala la Ceremonia conmemorativa al 112 Aniversario del &#8220;D\u00eda del Ej\u00e9rcito Mexicano&#8221;."},"content":{"rendered":"\n<p><br>Este mi\u00e9rcoles 19 de febrero del a\u00f1o en curso, se llev\u00f3 a cabo la Ceremonia Conmemorativa al 112 Aniversario del \u201cD\u00eda del Ej\u00e9rcito Mexicano\u201d, en las instalaciones del Quinto Regimiento de Caballer\u00eda Motorizado, en el Campo Militar 23-B, en Mazaquiahuac, Tlaxco.<\/p>\n\n\n\n<figure class=\"wp-block-image size-large\"><img loading=\"lazy\" decoding=\"async\" width=\"1024\" height=\"682\" src=\"https:\/\/estado29.mx\/wp-content\/uploads\/2025\/02\/IMG-20250219-WA0013-1024x682.jpg\" alt=\"\" class=\"wp-image-93498\" srcset=\"https:\/\/estado29.mx\/wp-content\/uploads\/2025\/02\/IMG-20250219-WA0013-1024x682.jpg 1024w, https:\/\/estado29.mx\/wp-content\/uploads\/2025\/02\/IMG-20250219-WA0013-300x200.jpg 300w, https:\/\/estado29.mx\/wp-content\/uploads\/2025\/02\/IMG-20250219-WA0013-768x512.jpg 768w, https:\/\/estado29.mx\/wp-content\/uploads\/2025\/02\/IMG-20250219-WA0013-750x500.jpg 750w, https:\/\/estado29.mx\/wp-content\/uploads\/2025\/02\/IMG-20250219-WA0013-1140x760.jpg 1140w, https:\/\/estado29.mx\/wp-content\/uploads\/2025\/02\/IMG-20250219-WA0013.jpg 1280w\" sizes=\"auto, (max-width: 1024px) 100vw, 1024px\" \/><\/figure>\n\n\n\n<p><br>Este evento, estuvo encabezado por la Gobernadora del Estado de Tlaxcala, Lorena Cuellar Cisneros y el General de Brigada Estado Mayor, Mart\u00edn Jaramillo Barrios, Comandante de la 23-A, Zona Militar.<\/p>\n\n\n\n<figure class=\"wp-block-image size-large\"><img loading=\"lazy\" decoding=\"async\" width=\"1024\" height=\"682\" src=\"https:\/\/estado29.mx\/wp-content\/uploads\/2025\/02\/IMG-20250219-WA0011-1024x682.jpg\" alt=\"\" class=\"wp-image-93499\" srcset=\"https:\/\/estado29.mx\/wp-content\/uploads\/2025\/02\/IMG-20250219-WA0011-1024x682.jpg 1024w, https:\/\/estado29.mx\/wp-content\/uploads\/2025\/02\/IMG-20250219-WA0011-300x200.jpg 300w, https:\/\/estado29.mx\/wp-content\/uploads\/2025\/02\/IMG-20250219-WA0011-768x512.jpg 768w, https:\/\/estado29.mx\/wp-content\/uploads\/2025\/02\/IMG-20250219-WA0011-750x500.jpg 750w, https:\/\/estado29.mx\/wp-content\/uploads\/2025\/02\/IMG-20250219-WA0011-1140x760.jpg 1140w, https:\/\/estado29.mx\/wp-content\/uploads\/2025\/02\/IMG-20250219-WA0011.jpg 1280w\" sizes=\"auto, (max-width: 1024px) 100vw, 1024px\" \/><\/figure>\n\n\n\n<p><br>La Gobernadora Lorena Cuellar Cisneros, en su mensaje, reconoci\u00f3 la importante labor que ha desempe\u00f1ado el Ej\u00e9rcito Mexicano y el papel importante que representa en la seguridad del pa\u00eds.<\/p>\n\n\n\n<figure class=\"wp-block-image size-large\"><img loading=\"lazy\" decoding=\"async\" width=\"1024\" height=\"682\" src=\"https:\/\/estado29.mx\/wp-content\/uploads\/2025\/02\/IMG-20250219-WA0012-1024x682.jpg\" alt=\"\" class=\"wp-image-93500\" srcset=\"https:\/\/estado29.mx\/wp-content\/uploads\/2025\/02\/IMG-20250219-WA0012-1024x682.jpg 1024w, https:\/\/estado29.mx\/wp-content\/uploads\/2025\/02\/IMG-20250219-WA0012-300x200.jpg 300w, https:\/\/estado29.mx\/wp-content\/uploads\/2025\/02\/IMG-20250219-WA0012-768x512.jpg 768w, https:\/\/estado29.mx\/wp-content\/uploads\/2025\/02\/IMG-20250219-WA0012-750x500.jpg 750w, https:\/\/estado29.mx\/wp-content\/uploads\/2025\/02\/IMG-20250219-WA0012-1140x760.jpg 1140w, https:\/\/estado29.mx\/wp-content\/uploads\/2025\/02\/IMG-20250219-WA0012.jpg 1280w\" sizes=\"auto, (max-width: 1024px) 100vw, 1024px\" \/><\/figure>\n\n\n\n<p><br>Asimismo, reconoci\u00f3 la labor de las mujeres militares, por su entrega, disciplina, as\u00ed como su trayectoria.<\/p>\n\n\n\n<figure class=\"wp-block-image size-large\"><img loading=\"lazy\" decoding=\"async\" width=\"1024\" height=\"678\" src=\"https:\/\/estado29.mx\/wp-content\/uploads\/2025\/02\/IMG-20250219-WA0014-1024x678.jpg\" alt=\"\" class=\"wp-image-93501\" srcset=\"https:\/\/estado29.mx\/wp-content\/uploads\/2025\/02\/IMG-20250219-WA0014-1024x678.jpg 1024w, https:\/\/estado29.mx\/wp-content\/uploads\/2025\/02\/IMG-20250219-WA0014-300x199.jpg 300w, https:\/\/estado29.mx\/wp-content\/uploads\/2025\/02\/IMG-20250219-WA0014-768x509.jpg 768w, https:\/\/estado29.mx\/wp-content\/uploads\/2025\/02\/IMG-20250219-WA0014-750x497.jpg 750w, https:\/\/estado29.mx\/wp-content\/uploads\/2025\/02\/IMG-20250219-WA0014-1140x755.jpg 1140w, https:\/\/estado29.mx\/wp-content\/uploads\/2025\/02\/IMG-20250219-WA0014.jpg 1232w\" sizes=\"auto, (max-width: 1024px) 100vw, 1024px\" \/><\/figure>\n\n\n\n<p><br>En el evento participaron alrededor de 130 Militares, 50 civiles entre autoridades y medios de comunicaci\u00f3n.<\/p>\n\n\n\n<figure class=\"wp-block-image size-large\"><img loading=\"lazy\" decoding=\"async\" width=\"1024\" height=\"678\" src=\"https:\/\/estado29.mx\/wp-content\/uploads\/2025\/02\/IMG-20250219-WA0015-1024x678.jpg\" alt=\"\" class=\"wp-image-93502\" srcset=\"https:\/\/estado29.mx\/wp-content\/uploads\/2025\/02\/IMG-20250219-WA0015-1024x678.jpg 1024w, https:\/\/estado29.mx\/wp-content\/uploads\/2025\/02\/IMG-20250219-WA0015-300x199.jpg 300w, https:\/\/estado29.mx\/wp-content\/uploads\/2025\/02\/IMG-20250219-WA0015-768x509.jpg 768w, https:\/\/estado29.mx\/wp-content\/uploads\/2025\/02\/IMG-20250219-WA0015-750x497.jpg 750w, https:\/\/estado29.mx\/wp-content\/uploads\/2025\/02\/IMG-20250219-WA0015-1140x755.jpg 1140w, https:\/\/estado29.mx\/wp-content\/uploads\/2025\/02\/IMG-20250219-WA0015.jpg 1232w\" sizes=\"auto, (max-width: 1024px) 100vw, 1024px\" \/><\/figure>\n\n\n<figure class=\"wp-block-post-featured-image\"><img loading=\"lazy\" decoding=\"async\" width=\"1232\" height=\"816\" src=\"https:\/\/estado29.mx\/wp-content\/uploads\/2025\/02\/IMG-20250219-WA0016.jpg\" class=\"attachment-post-thumbnail size-post-thumbnail wp-post-image\" alt=\"\" style=\"object-fit:cover;\" srcset=\"https:\/\/estado29.mx\/wp-content\/uploads\/2025\/02\/IMG-20250219-WA0016.jpg 1232w, https:\/\/estado29.mx\/wp-content\/uploads\/2025\/02\/IMG-20250219-WA0016-300x199.jpg 300w, https:\/\/estado29.mx\/wp-content\/uploads\/2025\/02\/IMG-20250219-WA0016-1024x678.jpg 1024w, https:\/\/estado29.mx\/wp-content\/uploads\/2025\/02\/IMG-20250219-WA0016-768x509.jpg 768w, https:\/\/estado29.mx\/wp-content\/uploads\/2025\/02\/IMG-20250219-WA0016-750x497.jpg 750w, https:\/\/estado29.mx\/wp-content\/uploads\/2025\/02\/IMG-20250219-WA0016-1140x755.jpg 1140w\" sizes=\"auto, (max-width: 1232px) 100vw, 1232px\" \/><\/figure>","protected":false},"excerpt":{"rendered":"<p>Este mi\u00e9rcoles 19 de febrero del a\u00f1o en curso, se llev\u00f3 a cabo la Ceremonia Conmemorativa al 112 Aniversario del \u201cD\u00eda del Ej\u00e9rcito Mexicano\u201d, en las instalaciones del Quinto Regimiento de Caballer\u00eda Motorizado, en el Campo Militar 23-B, en Mazaquiahuac, Tlaxco. Este evento, estuvo encabezado por la Gobernadora del Estado de Tlaxcala, Lorena Cuellar Cisneros [&hellip;]<\/p>\n","protected":false},"author":7,"featured_media":93497,"comment_status":"open","ping_status":"open","sticky":false,"template":"","format":"standard","meta":{"om_disable_all_campaigns":false,"_monsterinsights_skip_tracking":false,"_monsterinsights_sitenote_active":false,"_monsterinsights_sitenote_note":"","_monsterinsights_sitenote_category":0,"jnews-multi-image_gallery":[],"jnews_single_post":{"format":"standard"},"jnews_primary_category":[],"footnotes":""},"categories":[1],"tags":[],"class_list":["post-93496","post","type-post","status-publish","format-standard","has-post-thumbnail","hentry","category-uncategorized"],"aioseo_notices":[],"_links":{"self":[{"href":"https:\/\/estado29.mx\/index.php?rest_route=\/wp\/v2\/posts\/93496","targetHints":{"allow":["GET"]}}],"collection":[{"href":"https:\/\/estado29.mx\/index.php?rest_route=\/wp\/v2\/posts"}],"about":[{"href":"https:\/\/estado29.mx\/index.php?rest_route=\/wp\/v2\/types\/post"}],"author":[{"embeddable":true,"href":"https:\/\/estado29.mx\/index.php?rest_route=\/wp\/v2\/users\/7"}],"replies":[{"embeddable":true,"href":"https:\/\/estado29.mx\/index.php?rest_route=%2Fwp%2Fv2%2Fcomments&post=93496"}],"version-history":[{"count":1,"href":"https:\/\/estado29.mx\/index.php?rest_route=\/wp\/v2\/posts\/93496\/revisions"}],"predecessor-version":[{"id":93503,"href":"https:\/\/estado29.mx\/index.php?rest_route=\/wp\/v2\/posts\/93496\/revisions\/93503"}],"wp:featuredmedia":[{"embeddable":true,"href":"https:\/\/estado29.mx\/index.php?rest_route=\/wp\/v2\/media\/93497"}],"wp:attachment":[{"href":"https:\/\/estado29.mx\/index.php?rest_route=%2Fwp%2Fv2%2Fmedia&parent=93496"}],"wp:term":[{"taxonomy":"category","embeddable":true,"href":"https:\/\/estado29.mx\/index.php?rest_route=%2Fwp%2Fv2%2Fcategories&post=93496"},{"taxonomy":"post_tag","embeddable":true,"href":"https:\/\/estado29.mx\/index.php?rest_route=%2Fwp%2Fv2%2Ftags&post=93496"}],"curies":[{"name":"wp","href":"https:\/\/api.w.org\/{rel}","templated":true}]}}