{"id":93505,"date":"2025-02-20T00:18:27","date_gmt":"2025-02-20T00:18:27","guid":{"rendered":"https:\/\/estado29.mx\/?p=93505"},"modified":"2025-02-20T00:18:28","modified_gmt":"2025-02-20T00:18:28","slug":"choca-unidad-del-transporte-publico-y-vehiculo-compacto-en-huamantla","status":"publish","type":"post","link":"https:\/\/estado29.mx\/?p=93505","title":{"rendered":"Choca unidad del transporte p\u00fablico y veh\u00edculo compacto en Huamantla."},"content":{"rendered":"\n<p>Paco Ugarte.<\/p>\n\n\n\n<p>La tarde de este mi\u00e9rcoles sobre la calle Hidalgo esquina con Roberto Covarrubias en Huamantla se registr\u00f3 el choque entre dos unidades, sin presentar personas lesionadas.<\/p>\n\n\n\n<p>Se trata de una unidad del trasporte p\u00fablico tipo microb\u00fas y un veh\u00edculo compacto Atos; derivado de la falta de precauci\u00f3n al momento de circular sobre la v\u00eda de comunicaci\u00f3n.<\/p>\n\n\n\n<p>Elementos de la Direcci\u00f3n de Seguridad P\u00fablica de Huamantla, acudieron abanderar la zona en tanto se realizaba el retiro de ambas unidades y con ello fincar o deslindar responsabilidades.<\/p>\n","protected":false},"excerpt":{"rendered":"<p>Paco Ugarte. La tarde de este mi\u00e9rcoles sobre la calle Hidalgo esquina con Roberto Covarrubias en Huamantla se registr\u00f3 el choque entre dos unidades, sin presentar personas lesionadas. Se trata de una unidad del trasporte p\u00fablico tipo microb\u00fas y un veh\u00edculo compacto Atos; derivado de la falta de precauci\u00f3n al momento de circular sobre la [&hellip;]<\/p>\n","protected":false},"author":5,"featured_media":93506,"comment_status":"open","ping_status":"open","sticky":false,"template":"","format":"standard","meta":{"om_disable_all_campaigns":false,"_monsterinsights_skip_tracking":false,"_monsterinsights_sitenote_active":false,"_monsterinsights_sitenote_note":"","_monsterinsights_sitenote_category":0,"jnews-multi-image_gallery":[],"jnews_single_post":{"format":"standard"},"jnews_primary_category":[],"footnotes":""},"categories":[1],"tags":[],"class_list":["post-93505","post","type-post","status-publish","format-standard","has-post-thumbnail","hentry","category-uncategorized"],"aioseo_notices":[],"_links":{"self":[{"href":"https:\/\/estado29.mx\/index.php?rest_route=\/wp\/v2\/posts\/93505","targetHints":{"allow":["GET"]}}],"collection":[{"href":"https:\/\/estado29.mx\/index.php?rest_route=\/wp\/v2\/posts"}],"about":[{"href":"https:\/\/estado29.mx\/index.php?rest_route=\/wp\/v2\/types\/post"}],"author":[{"embeddable":true,"href":"https:\/\/estado29.mx\/index.php?rest_route=\/wp\/v2\/users\/5"}],"replies":[{"embeddable":true,"href":"https:\/\/estado29.mx\/index.php?rest_route=%2Fwp%2Fv2%2Fcomments&post=93505"}],"version-history":[{"count":1,"href":"https:\/\/estado29.mx\/index.php?rest_route=\/wp\/v2\/posts\/93505\/revisions"}],"predecessor-version":[{"id":93507,"href":"https:\/\/estado29.mx\/index.php?rest_route=\/wp\/v2\/posts\/93505\/revisions\/93507"}],"wp:featuredmedia":[{"embeddable":true,"href":"https:\/\/estado29.mx\/index.php?rest_route=\/wp\/v2\/media\/93506"}],"wp:attachment":[{"href":"https:\/\/estado29.mx\/index.php?rest_route=%2Fwp%2Fv2%2Fmedia&parent=93505"}],"wp:term":[{"taxonomy":"category","embeddable":true,"href":"https:\/\/estado29.mx\/index.php?rest_route=%2Fwp%2Fv2%2Fcategories&post=93505"},{"taxonomy":"post_tag","embeddable":true,"href":"https:\/\/estado29.mx\/index.php?rest_route=%2Fwp%2Fv2%2Ftags&post=93505"}],"curies":[{"name":"wp","href":"https:\/\/api.w.org\/{rel}","templated":true}]}}