{"id":93513,"date":"2025-02-20T02:56:02","date_gmt":"2025-02-20T02:56:02","guid":{"rendered":"https:\/\/estado29.mx\/?p=93513"},"modified":"2025-04-01T00:55:20","modified_gmt":"2025-04-01T00:55:20","slug":"externan-pobladores-de-zitlaltepec-de-trinidad-sanchez-santos-inconformidad-por-construccion-de-obra-federal-en-zona-de-la-malinche","status":"publish","type":"post","link":"https:\/\/estado29.mx\/?p=93513","title":{"rendered":"Externan pobladores de Zitlaltepec de Trinidad S\u00e1nchez Santos inconformidad por construcci\u00f3n de obra federal en zona de la Malinche."},"content":{"rendered":"\n<p><br>Pobladores del municipio de Zitlaltepec de Trinidad S\u00e1nchez Santos externaron su inconformidad a la edificaci\u00f3n de un Centro de Promoci\u00f3n de Cultura Ambiental, ejecutado por la Comisi\u00f3n Nacional de \u00c1reas Protegidas (CONANP).<\/p>\n\n\n\n<p><br>Los habitantes, puntualizaron que desde la anterior administraci\u00f3n no se les ha hecho saber de forma detallada, en qu\u00e9 consiste la obra y los beneficios que traer\u00e1 para la comunidad, la cual se realiza en un terreno particular.<\/p>\n\n\n\n<figure class=\"wp-block-image size-large\"><img loading=\"lazy\" decoding=\"async\" width=\"768\" height=\"1024\" src=\"https:\/\/estado29.mx\/wp-content\/uploads\/2025\/02\/IMG_20250219_142500-min-768x1024.jpg\" alt=\"\" class=\"wp-image-93515\" srcset=\"https:\/\/estado29.mx\/wp-content\/uploads\/2025\/02\/IMG_20250219_142500-min-768x1024.jpg 768w, https:\/\/estado29.mx\/wp-content\/uploads\/2025\/02\/IMG_20250219_142500-min-225x300.jpg 225w, https:\/\/estado29.mx\/wp-content\/uploads\/2025\/02\/IMG_20250219_142500-min-1152x1536.jpg 1152w, https:\/\/estado29.mx\/wp-content\/uploads\/2025\/02\/IMG_20250219_142500-min-1536x2048.jpg 1536w, https:\/\/estado29.mx\/wp-content\/uploads\/2025\/02\/IMG_20250219_142500-min-750x1000.jpg 750w, https:\/\/estado29.mx\/wp-content\/uploads\/2025\/02\/IMG_20250219_142500-min-1140x1520.jpg 1140w, https:\/\/estado29.mx\/wp-content\/uploads\/2025\/02\/IMG_20250219_142500-min-scaled.jpg 1920w\" sizes=\"auto, (max-width: 768px) 100vw, 768px\" \/><\/figure>\n\n\n\n<p><br>En este sentido, agregaron que han solicitado establecer reuniones con las \u00e1reas encargadas de la ejecuci\u00f3n de la obra, as\u00ed como con personal del ayuntamiento a fin de que se aclaren sus dudas, pero hasta el momento s\u00f3lo les han ido recorriendo las fechas.<\/p>\n\n\n\n<p><br>Manifestaron que sumado a lo anterior, esta obra, a pesar de que les notificaron que ser\u00eda pausada hasta establecer un acuerdo, ha ido avanzando perjudicando el abasto de agua potable a los pobladores, quienes se abastecen del vital l\u00edquido que baja de forma rodada de la monta\u00f1a en menci\u00f3n.<\/p>\n\n\n<figure class=\"wp-block-post-featured-image\"><img loading=\"lazy\" decoding=\"async\" width=\"1920\" height=\"2560\" src=\"https:\/\/estado29.mx\/wp-content\/uploads\/2025\/02\/IMG_20250219_142437-min-scaled.jpg\" class=\"attachment-post-thumbnail size-post-thumbnail wp-post-image\" alt=\"\" style=\"object-fit:cover;\" srcset=\"https:\/\/estado29.mx\/wp-content\/uploads\/2025\/02\/IMG_20250219_142437-min-scaled.jpg 1920w, https:\/\/estado29.mx\/wp-content\/uploads\/2025\/02\/IMG_20250219_142437-min-225x300.jpg 225w, https:\/\/estado29.mx\/wp-content\/uploads\/2025\/02\/IMG_20250219_142437-min-768x1024.jpg 768w, https:\/\/estado29.mx\/wp-content\/uploads\/2025\/02\/IMG_20250219_142437-min-1152x1536.jpg 1152w, https:\/\/estado29.mx\/wp-content\/uploads\/2025\/02\/IMG_20250219_142437-min-1536x2048.jpg 1536w, https:\/\/estado29.mx\/wp-content\/uploads\/2025\/02\/IMG_20250219_142437-min-750x1000.jpg 750w, https:\/\/estado29.mx\/wp-content\/uploads\/2025\/02\/IMG_20250219_142437-min-1140x1520.jpg 1140w\" sizes=\"auto, (max-width: 1920px) 100vw, 1920px\" \/><\/figure>\n\n\n<p><br>Para finalizar, solicitan a las instancias correspondientes, poner atenci\u00f3n en el caso hasta llegar a un acuerdo pues adem\u00e1s de esta situaci\u00f3n, quieren externar su inconformidad ante la tala clandestina de \u00e1rboles en esa zona y la instalaci\u00f3n de una pluma de acceso a la monta\u00f1a.<\/p>\n","protected":false},"excerpt":{"rendered":"<p>Pobladores del municipio de Zitlaltepec de Trinidad S\u00e1nchez Santos externaron su inconformidad a la edificaci\u00f3n de un Centro de Promoci\u00f3n de Cultura Ambiental, ejecutado por la Comisi\u00f3n Nacional de \u00c1reas Protegidas (CONANP). Los habitantes, puntualizaron que desde la anterior administraci\u00f3n no se les ha hecho saber de forma detallada, en qu\u00e9 consiste la obra y [&hellip;]<\/p>\n","protected":false},"author":7,"featured_media":93514,"comment_status":"open","ping_status":"open","sticky":false,"template":"","format":"standard","meta":{"om_disable_all_campaigns":false,"_monsterinsights_skip_tracking":false,"_monsterinsights_sitenote_active":false,"_monsterinsights_sitenote_note":"","_monsterinsights_sitenote_category":0,"jnews-multi-image_gallery":[],"jnews_single_post":{"format":"standard"},"jnews_primary_category":[],"footnotes":""},"categories":[1],"tags":[],"class_list":["post-93513","post","type-post","status-publish","format-standard","has-post-thumbnail","hentry","category-uncategorized"],"aioseo_notices":[],"_links":{"self":[{"href":"https:\/\/estado29.mx\/index.php?rest_route=\/wp\/v2\/posts\/93513","targetHints":{"allow":["GET"]}}],"collection":[{"href":"https:\/\/estado29.mx\/index.php?rest_route=\/wp\/v2\/posts"}],"about":[{"href":"https:\/\/estado29.mx\/index.php?rest_route=\/wp\/v2\/types\/post"}],"author":[{"embeddable":true,"href":"https:\/\/estado29.mx\/index.php?rest_route=\/wp\/v2\/users\/7"}],"replies":[{"embeddable":true,"href":"https:\/\/estado29.mx\/index.php?rest_route=%2Fwp%2Fv2%2Fcomments&post=93513"}],"version-history":[{"count":1,"href":"https:\/\/estado29.mx\/index.php?rest_route=\/wp\/v2\/posts\/93513\/revisions"}],"predecessor-version":[{"id":93516,"href":"https:\/\/estado29.mx\/index.php?rest_route=\/wp\/v2\/posts\/93513\/revisions\/93516"}],"wp:featuredmedia":[{"embeddable":true,"href":"https:\/\/estado29.mx\/index.php?rest_route=\/wp\/v2\/media\/93514"}],"wp:attachment":[{"href":"https:\/\/estado29.mx\/index.php?rest_route=%2Fwp%2Fv2%2Fmedia&parent=93513"}],"wp:term":[{"taxonomy":"category","embeddable":true,"href":"https:\/\/estado29.mx\/index.php?rest_route=%2Fwp%2Fv2%2Fcategories&post=93513"},{"taxonomy":"post_tag","embeddable":true,"href":"https:\/\/estado29.mx\/index.php?rest_route=%2Fwp%2Fv2%2Ftags&post=93513"}],"curies":[{"name":"wp","href":"https:\/\/api.w.org\/{rel}","templated":true}]}}