{"id":93517,"date":"2025-02-20T03:16:09","date_gmt":"2025-02-20T03:16:09","guid":{"rendered":"https:\/\/estado29.mx\/?p=93517"},"modified":"2025-02-20T03:16:09","modified_gmt":"2025-02-20T03:16:09","slug":"convoca-icatlax-a-pobladores-de-ixtenco-a-participar-en-curso-de-colocacion-de-unas-basico","status":"publish","type":"post","link":"https:\/\/estado29.mx\/?p=93517","title":{"rendered":"Convoca ICATLAX a pobladores de Ixtenco a participar en Curso de Colocaci\u00f3n de U\u00f1as B\u00e1sico."},"content":{"rendered":"\n<p><\/p>\n\n\n\n<p>El Gobierno Municipal de Ixtenco, encabezado por Miriam Aline Lazo Caballero, en colaboraci\u00f3n con el Instituto de Capacitaci\u00f3n para el Trabajo del Estado de Tlaxcala (ICATLAX), hacen extensa la invitaci\u00f3n a la ciudadan\u00eda de este lugar, a participar en curso b\u00e1sico en colocaci\u00f3n de u\u00f1as postizas, con el objetivo de impulsar el desarrollo personal y profesional de los habitantes del municipio.<\/p>\n\n\n\n<p>Como parte del compromiso con la educaci\u00f3n y el fortalecimiento de habilidades laborales, la administraci\u00f3n municipal ha decidido subsidiar el 50 por ciento del costo total de inscripci\u00f3n, reduciendo la cuota a 175 pesos por participante, facilitando as\u00ed, el acceso a esta capacitaci\u00f3n.<\/p>\n\n\n\n<p>La presidenta municipal, Miriam Aline Lazo Caballero, destac\u00f3 que mediante esta esta iniciativa, se busca proporcionar oportunidades de aprendizaje accesibles, que permitan a los ciudadanos adquirir nuevas competencias que puedan traducirse en beneficios econ\u00f3micos y laborales.<\/p>\n\n\n\n<p><br>Por su parte, la Presidenta del Sistema Municipal para el Desarrollo Integral de la Familia (SMDIF), Alicia Caballero Yonca, junto con la coordinadora de Bienestar Municipal, Laura Moreno, puntualizaron que este tipo de cursos, promueven el desarrollo personal y manual, fortaleciendo la autonom\u00eda de los participantes e incentivando su integraci\u00f3n en distintos \u00e1mbitos productivos.<\/p>\n\n\n\n<p>Es importante agregar, que la recepci\u00f3n de documentos ser\u00e1 del pr\u00f3ximo 21 al 28 de febrero, en las oficinas de Bienestar Municipal, de lunes a viernes.<\/p>\n\n\n\n<p><br>El costo normal ser\u00eda de 350 pesos pero con subsidio ser\u00e1 175, el cual est\u00e1 dirigido a personas interesadas en aprender t\u00e9cnicas de colocaci\u00f3n de u\u00f1as y mejorar sus oportunidades laborales en el \u00e1mbito de la belleza.<\/p>\n\n\n\n<p><br>La alcaldesa refiri\u00f3, que mediante estas acciones, el Gobierno Municipal de Ixtenco reafirma su compromiso con la ciudadan\u00eda, ofreciendo programas que fomenten el desarrollo econ\u00f3mico y social, pues este curso representa una oportunidad clave para adquirir habilidades pr\u00e1cticas, con un impacto positivo tanto en el \u00e1mbito laboral como en el crecimiento personal de los participantes.<\/p>\n\n\n<figure class=\"wp-block-post-featured-image\"><img loading=\"lazy\" decoding=\"async\" width=\"1657\" height=\"2560\" src=\"https:\/\/estado29.mx\/wp-content\/uploads\/2025\/02\/IMG-20250219-WA0003-scaled.jpg\" class=\"attachment-post-thumbnail size-post-thumbnail wp-post-image\" alt=\"\" style=\"object-fit:cover;\" srcset=\"https:\/\/estado29.mx\/wp-content\/uploads\/2025\/02\/IMG-20250219-WA0003-scaled.jpg 1657w, https:\/\/estado29.mx\/wp-content\/uploads\/2025\/02\/IMG-20250219-WA0003-194x300.jpg 194w, https:\/\/estado29.mx\/wp-content\/uploads\/2025\/02\/IMG-20250219-WA0003-663x1024.jpg 663w, https:\/\/estado29.mx\/wp-content\/uploads\/2025\/02\/IMG-20250219-WA0003-768x1187.jpg 768w, https:\/\/estado29.mx\/wp-content\/uploads\/2025\/02\/IMG-20250219-WA0003-994x1536.jpg 994w, https:\/\/estado29.mx\/wp-content\/uploads\/2025\/02\/IMG-20250219-WA0003-1325x2048.jpg 1325w, https:\/\/estado29.mx\/wp-content\/uploads\/2025\/02\/IMG-20250219-WA0003-750x1159.jpg 750w, https:\/\/estado29.mx\/wp-content\/uploads\/2025\/02\/IMG-20250219-WA0003-1140x1762.jpg 1140w\" sizes=\"auto, (max-width: 1657px) 100vw, 1657px\" \/><\/figure>","protected":false},"excerpt":{"rendered":"<p>El Gobierno Municipal de Ixtenco, encabezado por Miriam Aline Lazo Caballero, en colaboraci\u00f3n con el Instituto de Capacitaci\u00f3n para el Trabajo del Estado de Tlaxcala (ICATLAX), hacen extensa la invitaci\u00f3n a la ciudadan\u00eda de este lugar, a participar en curso b\u00e1sico en colocaci\u00f3n de u\u00f1as postizas, con el objetivo de impulsar el desarrollo personal y [&hellip;]<\/p>\n","protected":false},"author":7,"featured_media":93523,"comment_status":"open","ping_status":"open","sticky":false,"template":"","format":"standard","meta":{"om_disable_all_campaigns":false,"_monsterinsights_skip_tracking":false,"_monsterinsights_sitenote_active":false,"_monsterinsights_sitenote_note":"","_monsterinsights_sitenote_category":0,"jnews-multi-image_gallery":[],"jnews_single_post":{"format":"standard"},"jnews_primary_category":[],"footnotes":""},"categories":[1],"tags":[],"class_list":["post-93517","post","type-post","status-publish","format-standard","has-post-thumbnail","hentry","category-uncategorized"],"aioseo_notices":[],"_links":{"self":[{"href":"https:\/\/estado29.mx\/index.php?rest_route=\/wp\/v2\/posts\/93517","targetHints":{"allow":["GET"]}}],"collection":[{"href":"https:\/\/estado29.mx\/index.php?rest_route=\/wp\/v2\/posts"}],"about":[{"href":"https:\/\/estado29.mx\/index.php?rest_route=\/wp\/v2\/types\/post"}],"author":[{"embeddable":true,"href":"https:\/\/estado29.mx\/index.php?rest_route=\/wp\/v2\/users\/7"}],"replies":[{"embeddable":true,"href":"https:\/\/estado29.mx\/index.php?rest_route=%2Fwp%2Fv2%2Fcomments&post=93517"}],"version-history":[{"count":1,"href":"https:\/\/estado29.mx\/index.php?rest_route=\/wp\/v2\/posts\/93517\/revisions"}],"predecessor-version":[{"id":93524,"href":"https:\/\/estado29.mx\/index.php?rest_route=\/wp\/v2\/posts\/93517\/revisions\/93524"}],"wp:featuredmedia":[{"embeddable":true,"href":"https:\/\/estado29.mx\/index.php?rest_route=\/wp\/v2\/media\/93523"}],"wp:attachment":[{"href":"https:\/\/estado29.mx\/index.php?rest_route=%2Fwp%2Fv2%2Fmedia&parent=93517"}],"wp:term":[{"taxonomy":"category","embeddable":true,"href":"https:\/\/estado29.mx\/index.php?rest_route=%2Fwp%2Fv2%2Fcategories&post=93517"},{"taxonomy":"post_tag","embeddable":true,"href":"https:\/\/estado29.mx\/index.php?rest_route=%2Fwp%2Fv2%2Ftags&post=93517"}],"curies":[{"name":"wp","href":"https:\/\/api.w.org\/{rel}","templated":true}]}}