{"id":93525,"date":"2025-02-20T03:24:48","date_gmt":"2025-02-20T03:24:48","guid":{"rendered":"https:\/\/estado29.mx\/?p=93525"},"modified":"2025-02-20T03:24:48","modified_gmt":"2025-02-20T03:24:48","slug":"aclara-y-condena-gobierno-de-ixtenco-actos-de-maltrato-animal","status":"publish","type":"post","link":"https:\/\/estado29.mx\/?p=93525","title":{"rendered":"Aclara y Condena Gobierno de Ixtenco actos de maltrato animal."},"content":{"rendered":"\n<p><\/p>\n\n\n\n<p>El Ayuntamiento de Ixtenco, en relaci\u00f3n con el caso de maltrato animal ocurrido recientemente en este municipio, desea ofrecer la siguiente aclaraci\u00f3n para evitar malentendidos:<\/p>\n\n\n\n<p>El d\u00eda en que se recibi\u00f3 el reporte sobre el animal herido, el personal de Protecci\u00f3n Civil y Bienestar Animal acudi\u00f3 de manera inmediata al lugar se\u00f1alado, donde se constat\u00f3 que el perro presentaba lesiones graves, ante esta situaci\u00f3n, se procedi\u00f3 a trasladarlo a bordo de la unidad de Protecci\u00f3n Civil para su atenci\u00f3n m\u00e9dica.<\/p>\n\n\n\n<p>En el lugar de los hechos, la ciudadana Mar\u00eda N., quien se identific\u00f3 como la propietaria del animal, solicit\u00f3 ser acompa\u00f1ada por su mascota hasta su veterinario de confianza. Dado que dicho veterinario no se encontraba en el municipio en ese momento, se le ofreci\u00f3 apoyo para trasladarse al municipio vecino de San Pablo Zitlalt\u00e9pec, donde el animal recibi\u00f3 la atenci\u00f3n requerida bajo el cuidado de su due\u00f1a.<\/p>\n\n\n\n<p>Adem\u00e1s, en todo momento se le inform\u00f3 a la propietaria sobre la posibilidad de interponer las denuncias correspondientes ante las autoridades competentes, a fin de que se pudiera dar el debido seguimiento legal al caso. Sin embargo, hasta el momento, no se ha recibido confirmaci\u00f3n de que dicha denuncia haya sido presentada.<\/p>\n\n\n\n<p>El Ayuntamiento de Ixtenco condena en\u00e9rgicamente estos actos inhumanos de maltrato animal y reafirma su compromiso con la protecci\u00f3n y el bienestar de los animales, as\u00ed como con el cumplimiento de la ley. <\/p>\n\n\n\n<p>En cuanto la parte afectada, es decir, la due\u00f1a del can, interponga la denuncia correspondiente, este Ayuntamiento brindar\u00e1 todo el apoyo necesario a las autoridades en el proceso de investigaci\u00f3n de este caso. Adem\u00e1s, se mantiene en contacto con los due\u00f1os del animal para dar seguimiento a su situaci\u00f3n.<\/p>\n\n\n<figure class=\"wp-block-post-featured-image\"><img loading=\"lazy\" decoding=\"async\" width=\"1200\" height=\"1600\" src=\"https:\/\/estado29.mx\/wp-content\/uploads\/2025\/02\/IMG-20250219-WA0018.jpg\" class=\"attachment-post-thumbnail size-post-thumbnail wp-post-image\" alt=\"\" style=\"object-fit:cover;\" srcset=\"https:\/\/estado29.mx\/wp-content\/uploads\/2025\/02\/IMG-20250219-WA0018.jpg 1200w, https:\/\/estado29.mx\/wp-content\/uploads\/2025\/02\/IMG-20250219-WA0018-225x300.jpg 225w, https:\/\/estado29.mx\/wp-content\/uploads\/2025\/02\/IMG-20250219-WA0018-768x1024.jpg 768w, https:\/\/estado29.mx\/wp-content\/uploads\/2025\/02\/IMG-20250219-WA0018-1152x1536.jpg 1152w, https:\/\/estado29.mx\/wp-content\/uploads\/2025\/02\/IMG-20250219-WA0018-750x1000.jpg 750w, https:\/\/estado29.mx\/wp-content\/uploads\/2025\/02\/IMG-20250219-WA0018-1140x1520.jpg 1140w\" sizes=\"auto, (max-width: 1200px) 100vw, 1200px\" \/><\/figure>","protected":false},"excerpt":{"rendered":"<p>El Ayuntamiento de Ixtenco, en relaci\u00f3n con el caso de maltrato animal ocurrido recientemente en este municipio, desea ofrecer la siguiente aclaraci\u00f3n para evitar malentendidos: El d\u00eda en que se recibi\u00f3 el reporte sobre el animal herido, el personal de Protecci\u00f3n Civil y Bienestar Animal acudi\u00f3 de manera inmediata al lugar se\u00f1alado, donde se constat\u00f3 [&hellip;]<\/p>\n","protected":false},"author":7,"featured_media":93526,"comment_status":"open","ping_status":"open","sticky":false,"template":"","format":"standard","meta":{"om_disable_all_campaigns":false,"_monsterinsights_skip_tracking":false,"_monsterinsights_sitenote_active":false,"_monsterinsights_sitenote_note":"","_monsterinsights_sitenote_category":0,"jnews-multi-image_gallery":[],"jnews_single_post":{"format":"standard"},"jnews_primary_category":[],"footnotes":""},"categories":[1],"tags":[],"class_list":["post-93525","post","type-post","status-publish","format-standard","has-post-thumbnail","hentry","category-uncategorized"],"aioseo_notices":[],"_links":{"self":[{"href":"https:\/\/estado29.mx\/index.php?rest_route=\/wp\/v2\/posts\/93525","targetHints":{"allow":["GET"]}}],"collection":[{"href":"https:\/\/estado29.mx\/index.php?rest_route=\/wp\/v2\/posts"}],"about":[{"href":"https:\/\/estado29.mx\/index.php?rest_route=\/wp\/v2\/types\/post"}],"author":[{"embeddable":true,"href":"https:\/\/estado29.mx\/index.php?rest_route=\/wp\/v2\/users\/7"}],"replies":[{"embeddable":true,"href":"https:\/\/estado29.mx\/index.php?rest_route=%2Fwp%2Fv2%2Fcomments&post=93525"}],"version-history":[{"count":1,"href":"https:\/\/estado29.mx\/index.php?rest_route=\/wp\/v2\/posts\/93525\/revisions"}],"predecessor-version":[{"id":93527,"href":"https:\/\/estado29.mx\/index.php?rest_route=\/wp\/v2\/posts\/93525\/revisions\/93527"}],"wp:featuredmedia":[{"embeddable":true,"href":"https:\/\/estado29.mx\/index.php?rest_route=\/wp\/v2\/media\/93526"}],"wp:attachment":[{"href":"https:\/\/estado29.mx\/index.php?rest_route=%2Fwp%2Fv2%2Fmedia&parent=93525"}],"wp:term":[{"taxonomy":"category","embeddable":true,"href":"https:\/\/estado29.mx\/index.php?rest_route=%2Fwp%2Fv2%2Fcategories&post=93525"},{"taxonomy":"post_tag","embeddable":true,"href":"https:\/\/estado29.mx\/index.php?rest_route=%2Fwp%2Fv2%2Ftags&post=93525"}],"curies":[{"name":"wp","href":"https:\/\/api.w.org\/{rel}","templated":true}]}}