{"id":93532,"date":"2025-02-20T13:33:35","date_gmt":"2025-02-20T13:33:35","guid":{"rendered":"https:\/\/estado29.mx\/?p=93532"},"modified":"2025-02-20T13:33:36","modified_gmt":"2025-02-20T13:33:36","slug":"conmemoran-el-112-aniversraio-del-dia-del-ejercito-mexicano","status":"publish","type":"post","link":"https:\/\/estado29.mx\/?p=93532","title":{"rendered":"Conmemoran el 112 aniversraio del d\u00eda del ejercito mexicano."},"content":{"rendered":"\n<p>La gobernadora Lorena Cu\u00e9llar Cisneros particip\u00f3 en la ceremonia conmemorativa del 112 aniversario del D\u00eda del Ej\u00e9rcito Mexicano, en las instalaciones del 5to regimiento de caballeria motorizado y escuela militar de caballeria motorizada ubicada en <a><\/a>Mazaquiahuac en el municipio de Tlaxco, en reconocimiento a la valent\u00eda, el compromiso y la dedicaci\u00f3n de hombres y mujeres que son parte de esta instituci\u00f3n, creada el 19 de febrero de 1913 con el objetivo de defender la soberan\u00eda y la seguridad del pa\u00eds.<\/p>\n\n\n\n<p>La titular del Ejecutivo local reafirm\u00f3 su compromiso de mantener y fortalecer la colaboraci\u00f3n con el Ej\u00e9rcito Mexicano para garantizar la paz social en el territorio tlaxcalteca.<\/p>\n\n\n\n<p>En su intervenci\u00f3n, el comandante de la 23 Zona Militar, Mart\u00edn Jaramillo Barrios, puntualiz\u00f3 que, a 112 a\u00f1os de su creaci\u00f3n, el pueblo de M\u00e9xico reconoce el trabajo y esfuerzo de soldados, quienes con lealtad y compromiso enfrentan los retos actuales, desaf\u00edos y amenazas, superados gracias a su adiestramiento constante, disciplina y profesionalismo.<\/p>\n\n\n\n<p>Sostuvo que el Ej\u00e9rcito ha evolucionado a la par de las exigencias y retos que demanda la sociedad actual, consolid\u00e1ndose como una instituci\u00f3n fundamental y pilar del Estado mexicano, fortaleciendo sus capacidades, actualizando su doctrina y su adiestramiento, basados en los principios ideol\u00f3gicos y valores humanitarios.<\/p>\n\n\n\n<p>\u201cEn su devenir hist\u00f3rico, el Ej\u00e9rcito Mexicano ha enfrentado diversos retos que han motivado la implementaci\u00f3n de nuevos mecanismos para que las fuerzas armadas se adapten a las actuales exigencias de la sociedad y a las din\u00e1micas complejas, ambiguas e inciertas del entorno nacional e internacional\u201d, coment\u00f3 ante autoridades, empresarios, medios de comunicaci\u00f3n e integrantes de las Fuerzas Armadas.<\/p>\n\n\n\n<p>Jaramillo Barrios reconoci\u00f3 el apoyo de la mandataria estatal, Lorena Cu\u00e9llar Cisneros, a las Fuerzas Armadas y refrend\u00f3 su compromiso institucional de seguir colaborando en beneficio de la seguridad y desarrollo de la entidad tlaxcalteca.<\/p>\n\n\n\n<p>\u201cLicenciada Lorena Cu\u00e9llar Cisneros, gobernadora del estado de Tlaxcala, en esta fecha hist\u00f3rica y trascendental para las mujeres y hombres que integramos las filas del Ej\u00e9rcito Mexicano, le refrendamos nuestra convicci\u00f3n y compromiso institucional en el cumplimiento de las m\u00faltiples misiones encomendadas en beneficio de la seguridad y desarrollo de la sociedad mexicana en general y en particular, es un honor para nosotros seguir acompa\u00f1\u00e1ndola en su incansable labor de todos los d\u00edas\u201d, subray\u00f3.<\/p>\n\n\n\n<p>Destac\u00f3 el profesionalismo y entrega de hombres y mujeres quienes forman parte de la instituci\u00f3n, quienes, dijo, \u201cseguir\u00e1n defendiendo nuestra libertad, nuestra soberan\u00eda y nuestra seguridad con valor, patriotismo y lealtad\u201d.<\/p>\n\n\n\n<p>Autoridades civiles y militares entregaron reconocimientos a personal femenino por su trayectoria y entrega en el cumplimiento de su deber, as\u00ed como por su destacada participaci\u00f3n en actividades deportivas. En su honor se realiz\u00f3 el toque militar tres de Diana.<\/p>\n\n\n\n<p>Al evento asistieron el secretario de Gobierno, Luis Antonio Ram\u00edrez; las presidentas de los Poderes Legislativo, Reyna Flor B\u00e1ez Lozano y del Judicial, Anel Ba\u00f1uelos Meneses, respectivamente; el coordinador estatal de la Guardia Nacional, Alfredo Montiel God\u00ednez; el director del Centro de Adiestramiento Regional del VI Regi\u00f3n Militar, Ernesto Garc\u00eda Meneses; el comandante del 5\u00ba Regimiento de Caballer\u00eda Motorizado, Jes\u00fas Lerma S\u00e1nchez, y el comandante del 2\u00ba Regimiento Mecanizado, Guillermo Robles P\u00e9rez.<\/p>\n\n\n\n<p><\/p>\n","protected":false},"excerpt":{"rendered":"<p>La gobernadora Lorena Cu\u00e9llar Cisneros particip\u00f3 en la ceremonia conmemorativa del 112 aniversario del D\u00eda del Ej\u00e9rcito Mexicano, en las instalaciones del 5to regimiento de caballeria motorizado y escuela militar de caballeria motorizada ubicada en Mazaquiahuac en el municipio de Tlaxco, en reconocimiento a la valent\u00eda, el compromiso y la dedicaci\u00f3n de hombres y mujeres [&hellip;]<\/p>\n","protected":false},"author":4,"featured_media":93533,"comment_status":"open","ping_status":"open","sticky":false,"template":"","format":"standard","meta":{"om_disable_all_campaigns":false,"_monsterinsights_skip_tracking":false,"_monsterinsights_sitenote_active":false,"_monsterinsights_sitenote_note":"","_monsterinsights_sitenote_category":0,"jnews-multi-image_gallery":[],"jnews_single_post":{"format":"standard"},"jnews_primary_category":[],"footnotes":""},"categories":[1],"tags":[],"class_list":["post-93532","post","type-post","status-publish","format-standard","has-post-thumbnail","hentry","category-uncategorized"],"aioseo_notices":[],"_links":{"self":[{"href":"https:\/\/estado29.mx\/index.php?rest_route=\/wp\/v2\/posts\/93532","targetHints":{"allow":["GET"]}}],"collection":[{"href":"https:\/\/estado29.mx\/index.php?rest_route=\/wp\/v2\/posts"}],"about":[{"href":"https:\/\/estado29.mx\/index.php?rest_route=\/wp\/v2\/types\/post"}],"author":[{"embeddable":true,"href":"https:\/\/estado29.mx\/index.php?rest_route=\/wp\/v2\/users\/4"}],"replies":[{"embeddable":true,"href":"https:\/\/estado29.mx\/index.php?rest_route=%2Fwp%2Fv2%2Fcomments&post=93532"}],"version-history":[{"count":1,"href":"https:\/\/estado29.mx\/index.php?rest_route=\/wp\/v2\/posts\/93532\/revisions"}],"predecessor-version":[{"id":93534,"href":"https:\/\/estado29.mx\/index.php?rest_route=\/wp\/v2\/posts\/93532\/revisions\/93534"}],"wp:featuredmedia":[{"embeddable":true,"href":"https:\/\/estado29.mx\/index.php?rest_route=\/wp\/v2\/media\/93533"}],"wp:attachment":[{"href":"https:\/\/estado29.mx\/index.php?rest_route=%2Fwp%2Fv2%2Fmedia&parent=93532"}],"wp:term":[{"taxonomy":"category","embeddable":true,"href":"https:\/\/estado29.mx\/index.php?rest_route=%2Fwp%2Fv2%2Fcategories&post=93532"},{"taxonomy":"post_tag","embeddable":true,"href":"https:\/\/estado29.mx\/index.php?rest_route=%2Fwp%2Fv2%2Ftags&post=93532"}],"curies":[{"name":"wp","href":"https:\/\/api.w.org\/{rel}","templated":true}]}}