{"id":93541,"date":"2025-02-20T17:00:32","date_gmt":"2025-02-20T17:00:32","guid":{"rendered":"https:\/\/estado29.mx\/?p=93541"},"modified":"2025-02-20T17:00:33","modified_gmt":"2025-02-20T17:00:33","slug":"colision-entre-dos-unidades-pesadas-deja-un-muerto-entre-cuapixtla-y-altzayanca","status":"publish","type":"post","link":"https:\/\/estado29.mx\/?p=93541","title":{"rendered":"Colisi\u00f3n entre dos unidades pesadas deja un muerto entre Cuapixtla y Altzayanca"},"content":{"rendered":"\n<p>Nuevamente, la autopista Amozoc-Perote se vuelve escenario de un tr\u00e1gico accidente. En la madrugada de hoy, se registr\u00f3 un hecho de tr\u00e1nsito, a la altura del kil\u00f3metro 43+600, en la Loma de Junguito, perteneciente al Municipio de Altzayanca.<\/p>\n\n\n\n<p>El accidente ocurri\u00f3 aproximadamente a las 00:50 horas, cuando supuestamente una pesada unidad invadi\u00f3 el carril contrario y choc\u00f3 contra la otra, por lo que corporaciones de emergencia acudieron al llamado.<\/p>\n\n\n\n<p>El accidente involucr\u00f3 a un tractocami\u00f3n marca Internacional, color amarillo, con placas de circulaci\u00f3n 69-AR-9F, que presentaba da\u00f1os en la parte lateral izquierda, acoplado a dos semiremolques.<\/p>\n\n\n\n<p>Param\u00e9dicos de Cruz Roja Delegaci\u00f3n Huamantla confirmaron que el conductor del tractocami\u00f3n, Eddie Enrique N., de 25 a\u00f1os, originario de Cotaxtla, Veracruz, hab\u00eda fallecido.<\/p>\n\n\n\n<p>En la otra unidad, un tr\u00e1iler Freigthliner con caja seca, un masculino identificado como Alejandro N., result\u00f3 herido y fue trasladado a un nosocomio por personal prehospitalario de la Cruz Roja.<\/p>\n\n\n\n<p>El lugar del accidente fue acordonado por la Guardia Nacional, quienes solicitaron el arribo de la Fiscal\u00eda General de Justicia del Estado. Mientras tanto, el tr\u00e1nsito de veh\u00edculos se vio afectado.<\/p>\n\n\n\n<p>Bomberos de la Secretar\u00eda de Seguridad Ciudadana se encargaron de extraer el cuerpo del conductor fallecido para despu\u00e9s entregarlo al Instituto de Ciencias Forenses.<\/p>\n\n\n\n<p>Finalmente, las unidades siniestradas fueron retiradas por una empresa de gr\u00faas, y las autoridades abrieron una Carpeta de Investigaci\u00f3n para fincar y deslindar responsabilidades.<\/p>\n\n\n\n<figure class=\"wp-block-image size-full\"><img loading=\"lazy\" decoding=\"async\" width=\"987\" height=\"576\" src=\"https:\/\/estado29.mx\/wp-content\/uploads\/2025\/02\/6f51ad5f-c7ac-49cc-b8c0-0b7da55c7a1b.jpeg\" alt=\"\" class=\"wp-image-93543\" srcset=\"https:\/\/estado29.mx\/wp-content\/uploads\/2025\/02\/6f51ad5f-c7ac-49cc-b8c0-0b7da55c7a1b.jpeg 987w, https:\/\/estado29.mx\/wp-content\/uploads\/2025\/02\/6f51ad5f-c7ac-49cc-b8c0-0b7da55c7a1b-300x175.jpeg 300w, https:\/\/estado29.mx\/wp-content\/uploads\/2025\/02\/6f51ad5f-c7ac-49cc-b8c0-0b7da55c7a1b-768x448.jpeg 768w, https:\/\/estado29.mx\/wp-content\/uploads\/2025\/02\/6f51ad5f-c7ac-49cc-b8c0-0b7da55c7a1b-750x438.jpeg 750w\" sizes=\"auto, (max-width: 987px) 100vw, 987px\" \/><\/figure>\n","protected":false},"excerpt":{"rendered":"<p>Nuevamente, la autopista Amozoc-Perote se vuelve escenario de un tr\u00e1gico accidente. En la madrugada de hoy, se registr\u00f3 un hecho de tr\u00e1nsito, a la altura del kil\u00f3metro 43+600, en la Loma de Junguito, perteneciente al Municipio de Altzayanca. El accidente ocurri\u00f3 aproximadamente a las 00:50 horas, cuando supuestamente una pesada unidad invadi\u00f3 el carril contrario [&hellip;]<\/p>\n","protected":false},"author":5,"featured_media":93542,"comment_status":"open","ping_status":"open","sticky":false,"template":"","format":"standard","meta":{"om_disable_all_campaigns":false,"_monsterinsights_skip_tracking":false,"_monsterinsights_sitenote_active":false,"_monsterinsights_sitenote_note":"","_monsterinsights_sitenote_category":0,"jnews-multi-image_gallery":[],"jnews_single_post":{"format":"standard"},"jnews_primary_category":[],"footnotes":""},"categories":[1],"tags":[],"class_list":["post-93541","post","type-post","status-publish","format-standard","has-post-thumbnail","hentry","category-uncategorized"],"aioseo_notices":[],"_links":{"self":[{"href":"https:\/\/estado29.mx\/index.php?rest_route=\/wp\/v2\/posts\/93541","targetHints":{"allow":["GET"]}}],"collection":[{"href":"https:\/\/estado29.mx\/index.php?rest_route=\/wp\/v2\/posts"}],"about":[{"href":"https:\/\/estado29.mx\/index.php?rest_route=\/wp\/v2\/types\/post"}],"author":[{"embeddable":true,"href":"https:\/\/estado29.mx\/index.php?rest_route=\/wp\/v2\/users\/5"}],"replies":[{"embeddable":true,"href":"https:\/\/estado29.mx\/index.php?rest_route=%2Fwp%2Fv2%2Fcomments&post=93541"}],"version-history":[{"count":1,"href":"https:\/\/estado29.mx\/index.php?rest_route=\/wp\/v2\/posts\/93541\/revisions"}],"predecessor-version":[{"id":93544,"href":"https:\/\/estado29.mx\/index.php?rest_route=\/wp\/v2\/posts\/93541\/revisions\/93544"}],"wp:featuredmedia":[{"embeddable":true,"href":"https:\/\/estado29.mx\/index.php?rest_route=\/wp\/v2\/media\/93542"}],"wp:attachment":[{"href":"https:\/\/estado29.mx\/index.php?rest_route=%2Fwp%2Fv2%2Fmedia&parent=93541"}],"wp:term":[{"taxonomy":"category","embeddable":true,"href":"https:\/\/estado29.mx\/index.php?rest_route=%2Fwp%2Fv2%2Fcategories&post=93541"},{"taxonomy":"post_tag","embeddable":true,"href":"https:\/\/estado29.mx\/index.php?rest_route=%2Fwp%2Fv2%2Ftags&post=93541"}],"curies":[{"name":"wp","href":"https:\/\/api.w.org\/{rel}","templated":true}]}}