{"id":93556,"date":"2025-02-21T03:15:18","date_gmt":"2025-02-21T03:15:18","guid":{"rendered":"https:\/\/estado29.mx\/?p=93556"},"modified":"2025-02-21T03:15:18","modified_gmt":"2025-02-21T03:15:18","slug":"arranca-limpieza-de-caminos-en-la-zona-de-la-universidad-intercultural-en-ixtenco","status":"publish","type":"post","link":"https:\/\/estado29.mx\/?p=93556","title":{"rendered":"Arranca limpieza de caminos en la zona de la Universidad Intercultural en Ixtenco."},"content":{"rendered":"\n<p><\/p>\n\n\n\n<p>Como parte del Programa de Empleo Temporal \u201cBienestar por tu econom\u00eda\u201d, este d\u00eda contin\u00faan los trabajos de limpieza en el camino que conduce a la Universidad Intercultural. Esta v\u00eda es de gran importancia para la comunidad, ya que diariamente transitan por ella cientos de estudiantes.<\/p>\n\n\n\n<p>Hist\u00f3ricamente, esta zona no hab\u00eda recibido mantenimiento ni limpieza adecuada, por lo que el personal del Programa de Empleo Temporal ha emprendido labores de rescate del espacio p\u00fablico, asegurando un acceso m\u00e1s seguro y digno para los ciudadanos. Adem\u00e1s de estas acciones, se hace un llamado a los vecinos a evitar la colocaci\u00f3n de materiales o piedras que obstruyan las banquetas, con el fin de garantizar un paso libre y seguro.<\/p>\n\n\n\n<figure class=\"wp-block-image size-large\"><img loading=\"lazy\" decoding=\"async\" width=\"768\" height=\"1024\" src=\"https:\/\/estado29.mx\/wp-content\/uploads\/2025\/02\/IMG-20250220-WA0002-768x1024.jpg\" alt=\"\" class=\"wp-image-93558\" srcset=\"https:\/\/estado29.mx\/wp-content\/uploads\/2025\/02\/IMG-20250220-WA0002-768x1024.jpg 768w, https:\/\/estado29.mx\/wp-content\/uploads\/2025\/02\/IMG-20250220-WA0002-225x300.jpg 225w, https:\/\/estado29.mx\/wp-content\/uploads\/2025\/02\/IMG-20250220-WA0002-1152x1536.jpg 1152w, https:\/\/estado29.mx\/wp-content\/uploads\/2025\/02\/IMG-20250220-WA0002-1536x2048.jpg 1536w, https:\/\/estado29.mx\/wp-content\/uploads\/2025\/02\/IMG-20250220-WA0002-750x1000.jpg 750w, https:\/\/estado29.mx\/wp-content\/uploads\/2025\/02\/IMG-20250220-WA0002-1140x1520.jpg 1140w, https:\/\/estado29.mx\/wp-content\/uploads\/2025\/02\/IMG-20250220-WA0002-scaled.jpg 1920w\" sizes=\"auto, (max-width: 768px) 100vw, 768px\" \/><\/figure>\n\n\n\n<p>La implementaci\u00f3n de este programa no solo contribuye al mejoramiento urbano, sino que tambi\u00e9n fortalece la econom\u00eda local. La presidenta municipal, Aline Lazo Caballero, destac\u00f3 que el Programa de Empleo Temporal genera un doble beneficio: por un lado, brinda apoyo econ\u00f3mico a las familias de Ixtenco y, por otro, impulsa la limpieza y rehabilitaci\u00f3n de espacios p\u00fablicos esenciales para la comunidad.<\/p>\n\n\n\n<p>Por su parte, la coordinadora del Bienestar, Ana Laura Moreno, quien lidera la ejecuci\u00f3n de estos trabajos, se\u00f1al\u00f3 que el programa continuar\u00e1 beneficiando a m\u00e1s ciudadanos y seguir\u00e1 extendi\u00e9ndose a otros espacios que requieren mantenimiento y recuperaci\u00f3n.<\/p>\n\n\n<figure class=\"wp-block-post-featured-image\"><img loading=\"lazy\" decoding=\"async\" width=\"1920\" height=\"2560\" src=\"https:\/\/estado29.mx\/wp-content\/uploads\/2025\/02\/IMG-20250220-WA0003-scaled.jpg\" class=\"attachment-post-thumbnail size-post-thumbnail wp-post-image\" alt=\"\" style=\"object-fit:cover;\" srcset=\"https:\/\/estado29.mx\/wp-content\/uploads\/2025\/02\/IMG-20250220-WA0003-scaled.jpg 1920w, https:\/\/estado29.mx\/wp-content\/uploads\/2025\/02\/IMG-20250220-WA0003-225x300.jpg 225w, https:\/\/estado29.mx\/wp-content\/uploads\/2025\/02\/IMG-20250220-WA0003-768x1024.jpg 768w, https:\/\/estado29.mx\/wp-content\/uploads\/2025\/02\/IMG-20250220-WA0003-1152x1536.jpg 1152w, https:\/\/estado29.mx\/wp-content\/uploads\/2025\/02\/IMG-20250220-WA0003-1536x2048.jpg 1536w, https:\/\/estado29.mx\/wp-content\/uploads\/2025\/02\/IMG-20250220-WA0003-750x1000.jpg 750w, https:\/\/estado29.mx\/wp-content\/uploads\/2025\/02\/IMG-20250220-WA0003-1140x1520.jpg 1140w\" sizes=\"auto, (max-width: 1920px) 100vw, 1920px\" \/><\/figure>\n\n\n<p>Asimismo, la presidenta municipal reafirm\u00f3 su compromiso con la continuidad del programa, asegurando que se mantendr\u00e1 de manera permanente e involucrar\u00e1 a diversos sectores de la poblaci\u00f3n, incluyendo padres de familia, jefas de hogar y adultos mayores, con el objetivo de seguir fortaleciendo la econom\u00eda local y mejorando las condiciones del municipio.<\/p>\n","protected":false},"excerpt":{"rendered":"<p>Como parte del Programa de Empleo Temporal \u201cBienestar por tu econom\u00eda\u201d, este d\u00eda contin\u00faan los trabajos de limpieza en el camino que conduce a la Universidad Intercultural. Esta v\u00eda es de gran importancia para la comunidad, ya que diariamente transitan por ella cientos de estudiantes. Hist\u00f3ricamente, esta zona no hab\u00eda recibido mantenimiento ni limpieza adecuada, [&hellip;]<\/p>\n","protected":false},"author":7,"featured_media":93557,"comment_status":"open","ping_status":"open","sticky":false,"template":"","format":"standard","meta":{"om_disable_all_campaigns":false,"_monsterinsights_skip_tracking":false,"_monsterinsights_sitenote_active":false,"_monsterinsights_sitenote_note":"","_monsterinsights_sitenote_category":0,"jnews-multi-image_gallery":[],"jnews_single_post":{"format":"standard"},"jnews_primary_category":[],"footnotes":""},"categories":[1],"tags":[],"class_list":["post-93556","post","type-post","status-publish","format-standard","has-post-thumbnail","hentry","category-uncategorized"],"aioseo_notices":[],"_links":{"self":[{"href":"https:\/\/estado29.mx\/index.php?rest_route=\/wp\/v2\/posts\/93556","targetHints":{"allow":["GET"]}}],"collection":[{"href":"https:\/\/estado29.mx\/index.php?rest_route=\/wp\/v2\/posts"}],"about":[{"href":"https:\/\/estado29.mx\/index.php?rest_route=\/wp\/v2\/types\/post"}],"author":[{"embeddable":true,"href":"https:\/\/estado29.mx\/index.php?rest_route=\/wp\/v2\/users\/7"}],"replies":[{"embeddable":true,"href":"https:\/\/estado29.mx\/index.php?rest_route=%2Fwp%2Fv2%2Fcomments&post=93556"}],"version-history":[{"count":1,"href":"https:\/\/estado29.mx\/index.php?rest_route=\/wp\/v2\/posts\/93556\/revisions"}],"predecessor-version":[{"id":93559,"href":"https:\/\/estado29.mx\/index.php?rest_route=\/wp\/v2\/posts\/93556\/revisions\/93559"}],"wp:featuredmedia":[{"embeddable":true,"href":"https:\/\/estado29.mx\/index.php?rest_route=\/wp\/v2\/media\/93557"}],"wp:attachment":[{"href":"https:\/\/estado29.mx\/index.php?rest_route=%2Fwp%2Fv2%2Fmedia&parent=93556"}],"wp:term":[{"taxonomy":"category","embeddable":true,"href":"https:\/\/estado29.mx\/index.php?rest_route=%2Fwp%2Fv2%2Fcategories&post=93556"},{"taxonomy":"post_tag","embeddable":true,"href":"https:\/\/estado29.mx\/index.php?rest_route=%2Fwp%2Fv2%2Ftags&post=93556"}],"curies":[{"name":"wp","href":"https:\/\/api.w.org\/{rel}","templated":true}]}}