{"id":93566,"date":"2025-02-21T13:31:10","date_gmt":"2025-02-21T13:31:10","guid":{"rendered":"https:\/\/estado29.mx\/?p=93566"},"modified":"2025-02-21T13:31:10","modified_gmt":"2025-02-21T13:31:10","slug":"personal-de-la-red-interinstitucional-de-atencion-integral-a-mujeres-en-situacion-de-violencia-politica-desarrollo-el-curso-sobre-primeros-auxilios-psicologicos-en-la-atencion-a-mujeres-en-situacion-d","status":"publish","type":"post","link":"https:\/\/estado29.mx\/?p=93566","title":{"rendered":"Personal de la Red Interinstitucional de Atenci\u00f3n Integral a Mujeres en Situaci\u00f3n de Violencia Pol\u00edtica desarroll\u00f3 el curso sobre Primeros Auxilios Psicol\u00f3gicos en la Atenci\u00f3n a Mujeres en Situaci\u00f3n de Violencia Pol\u00edtica."},"content":{"rendered":"\n<p><\/p>\n\n\n\n<p>La Red Interinstitucional de Atenci\u00f3n Integral a Mujeres en Situaci\u00f3n de Violencia Pol\u00edtica, integrada por diez instituciones que brindan servicios en la materia, impulsada por el Tribunal Electoral de Tlaxcala, llev\u00f3 a cabo el curso de capacitaci\u00f3n sobre Primeros Auxilios Psicol\u00f3gicos en la Atenci\u00f3n a Mujeres en Situaci\u00f3n de Violencia Pol\u00edtica. El mi\u00e9rcoles 19 de febrero del a\u00f1o en curso, en la sede de la Junta Local del INE en Tlaxcala, el cual fue impartido por el Mtro. V\u00edctor Hugo Zamora L\u00f3pez, psic\u00f3logo del OPD Salud de Tlaxcala y se cont\u00f3 con la activa participaci\u00f3n de 47 personas adscritas al Tribunal Electoral de Tlaxcala, de las tres juntas distritales y de la Junta Local del INE en Tlaxcala, de la Secretar\u00eda de Seguridad ciudadana, de la Secretar\u00eda de la Mujer, de la Fiscal\u00eda General de Justicia del Estado de Tlaxcala, del Centro de Justicia para Mujeres, de la Comisi\u00f3n Estatal de Derechos Humanos de Tlaxcala y del Instituto Tlaxcalteca de Elecciones.<\/p>\n\n\n\n<p>El curso tuvo como objetivo proporcionar elementos para que el personal de las instituciones participantes brinde apoyo de primer contacto a mujeres que requieran atenci\u00f3n por conductas de violencia en el \u00e1mbito pol\u00edtico y se aportaron los lineamientos que deben observar en la atenci\u00f3n, como la aplicaci\u00f3n de la perspectiva de g\u00e9nero, en un marco de respeto, atendiendo al contexto de las mujeres y evitar la revictimizaci\u00f3n entre otros.<\/p>\n\n\n\n<p>El curso de capacitaci\u00f3n presidido por el Vocal Ejecutivo de la Delegaci\u00f3n del INE en Tlaxcala, el Dr. J. Jes\u00fas Lule Ortega, el Dr. Juan Manuel Crisanto Campos y del Lic. Miguel \u00c1ngel Pacheco L\u00f3pez, vocal Secretario y Vocal de Capacitaci\u00f3n y Educaci\u00f3n C\u00edvica respectivamente, as\u00ed como de la Dra. Dora Rodr\u00edguez Soriano, Directora de Capacitaci\u00f3n y Enlace Institucional del Tribunal Electoral de Tlaxcala, responde a los protocolos de atenci\u00f3n que tiene cada una de las diez instituciones que forman parte de esta Red y la cual tiene como objetivo, brindar una atenci\u00f3n oportuna, integral y gratuita a mujeres que enfrenten conductas de violencia pol\u00edtica, en el marco de las competencias que establece el marco legal en la materia.<\/p>\n\n\n\n<p>El contenido del curso de capacitaci\u00f3n organizado por iniciativa de la Junta Local del INE en Tlaxcala, se orient\u00f3 a que el personal cuente con herramientas para brindar atenci\u00f3n en un primer momento para proporcionar apoyo, facilitando que la persona se sienta escuchada e identificar las necesidades psicol\u00f3gicas de la mujer que ha enfrentado violencia pol\u00edtica e incluy\u00f3 entre otros temas: escucha activa, empat\u00eda, informaci\u00f3n, comunicaci\u00f3n verbal y no verbal; respeto a la seguridad, dignidad y derechos humanos de las v\u00edctimas, evitar la revictimizaci\u00f3n y se brindaron algunas t\u00e9cnicas de relajaci\u00f3n.<\/p>\n","protected":false},"excerpt":{"rendered":"<p>La Red Interinstitucional de Atenci\u00f3n Integral a Mujeres en Situaci\u00f3n de Violencia Pol\u00edtica, integrada por diez instituciones que brindan servicios en la materia, impulsada por el Tribunal Electoral de Tlaxcala, llev\u00f3 a cabo el curso de capacitaci\u00f3n sobre Primeros Auxilios Psicol\u00f3gicos en la Atenci\u00f3n a Mujeres en Situaci\u00f3n de Violencia Pol\u00edtica. El mi\u00e9rcoles 19 de [&hellip;]<\/p>\n","protected":false},"author":4,"featured_media":93567,"comment_status":"open","ping_status":"open","sticky":false,"template":"","format":"standard","meta":{"om_disable_all_campaigns":false,"_monsterinsights_skip_tracking":false,"_monsterinsights_sitenote_active":false,"_monsterinsights_sitenote_note":"","_monsterinsights_sitenote_category":0,"jnews-multi-image_gallery":[],"jnews_single_post":{"format":"standard"},"jnews_primary_category":[],"footnotes":""},"categories":[1],"tags":[],"class_list":["post-93566","post","type-post","status-publish","format-standard","has-post-thumbnail","hentry","category-uncategorized"],"aioseo_notices":[],"_links":{"self":[{"href":"https:\/\/estado29.mx\/index.php?rest_route=\/wp\/v2\/posts\/93566","targetHints":{"allow":["GET"]}}],"collection":[{"href":"https:\/\/estado29.mx\/index.php?rest_route=\/wp\/v2\/posts"}],"about":[{"href":"https:\/\/estado29.mx\/index.php?rest_route=\/wp\/v2\/types\/post"}],"author":[{"embeddable":true,"href":"https:\/\/estado29.mx\/index.php?rest_route=\/wp\/v2\/users\/4"}],"replies":[{"embeddable":true,"href":"https:\/\/estado29.mx\/index.php?rest_route=%2Fwp%2Fv2%2Fcomments&post=93566"}],"version-history":[{"count":1,"href":"https:\/\/estado29.mx\/index.php?rest_route=\/wp\/v2\/posts\/93566\/revisions"}],"predecessor-version":[{"id":93568,"href":"https:\/\/estado29.mx\/index.php?rest_route=\/wp\/v2\/posts\/93566\/revisions\/93568"}],"wp:featuredmedia":[{"embeddable":true,"href":"https:\/\/estado29.mx\/index.php?rest_route=\/wp\/v2\/media\/93567"}],"wp:attachment":[{"href":"https:\/\/estado29.mx\/index.php?rest_route=%2Fwp%2Fv2%2Fmedia&parent=93566"}],"wp:term":[{"taxonomy":"category","embeddable":true,"href":"https:\/\/estado29.mx\/index.php?rest_route=%2Fwp%2Fv2%2Fcategories&post=93566"},{"taxonomy":"post_tag","embeddable":true,"href":"https:\/\/estado29.mx\/index.php?rest_route=%2Fwp%2Fv2%2Ftags&post=93566"}],"curies":[{"name":"wp","href":"https:\/\/api.w.org\/{rel}","templated":true}]}}