{"id":93584,"date":"2025-02-21T21:17:41","date_gmt":"2025-02-21T21:17:41","guid":{"rendered":"https:\/\/estado29.mx\/?p=93584"},"modified":"2025-02-23T01:07:06","modified_gmt":"2025-02-23T01:07:06","slug":"inauguran-en-centro-cultural-huamantla-exposicion-de-premios-estatales-de-artes-visuales-2024-talentos-tlaxcaltecas","status":"publish","type":"post","link":"https:\/\/estado29.mx\/?p=93584","title":{"rendered":"Inauguran en Centro Cultural Huamantla Exposici\u00f3n de Premios Estatales de Artes Visuales 2024 \u201cTalentos Tlaxcaltecas\u201d."},"content":{"rendered":"\n<p><br>Este viernes 21 de febrero, se llev\u00f3 a cabo en el Centro Cultural Huamantla, la inauguraci\u00f3n de la Exposici\u00f3n de los Premios Estatales de Artes Visuales 2024 \u201cTalentos Tlaxcaltecas\u201d, en las categor\u00edas, Pintura, Grabado, Ilustraci\u00f3n, Escultura, Fotograf\u00eda y Audiovisual.<\/p>\n\n\n\n<figure class=\"wp-block-image size-large\"><img loading=\"lazy\" decoding=\"async\" width=\"1024\" height=\"768\" src=\"https:\/\/estado29.mx\/wp-content\/uploads\/2025\/02\/IMG_20250221_124124-min-1024x768.jpg\" alt=\"\" class=\"wp-image-93586\" srcset=\"https:\/\/estado29.mx\/wp-content\/uploads\/2025\/02\/IMG_20250221_124124-min-1024x768.jpg 1024w, https:\/\/estado29.mx\/wp-content\/uploads\/2025\/02\/IMG_20250221_124124-min-300x225.jpg 300w, https:\/\/estado29.mx\/wp-content\/uploads\/2025\/02\/IMG_20250221_124124-min-768x576.jpg 768w, https:\/\/estado29.mx\/wp-content\/uploads\/2025\/02\/IMG_20250221_124124-min-1536x1152.jpg 1536w, https:\/\/estado29.mx\/wp-content\/uploads\/2025\/02\/IMG_20250221_124124-min-2048x1536.jpg 2048w, https:\/\/estado29.mx\/wp-content\/uploads\/2025\/02\/IMG_20250221_124124-min-750x563.jpg 750w, https:\/\/estado29.mx\/wp-content\/uploads\/2025\/02\/IMG_20250221_124124-min-1140x855.jpg 1140w\" sizes=\"auto, (max-width: 1024px) 100vw, 1024px\" \/><\/figure>\n\n\n\n<p><br>Luz Magali Cruces Arteaga, en representaci\u00f3n de la Secretaria de Cultura en Tlaxcala, Karen \u00c1lvarez Villeda, destac\u00f3 la importancia de llevar a cabo estas exposiciones, pues representan un impulso a los j\u00f3venes a tomar alg\u00fan gusto por alg\u00fan tipo de arte.<\/p>\n\n\n\n<p>Por su parte Juan Carlos Ramos, Jefe de Extensi\u00f3n Cultural de la Secretar\u00eda de Cultura del Estado, dijo que una de las encomiendas de la Gobernadora, Lorena Cuellar Cisneros, es hacer un referente a Tlaxcala, mediante el talento de los artistas, a nivel nacional e internacional.<\/p>\n\n\n\n<figure class=\"wp-block-image size-large\"><img loading=\"lazy\" decoding=\"async\" width=\"1024\" height=\"768\" src=\"https:\/\/estado29.mx\/wp-content\/uploads\/2025\/02\/IMG_20250221_124221-min-1024x768.jpg\" alt=\"\" class=\"wp-image-93587\" srcset=\"https:\/\/estado29.mx\/wp-content\/uploads\/2025\/02\/IMG_20250221_124221-min-1024x768.jpg 1024w, https:\/\/estado29.mx\/wp-content\/uploads\/2025\/02\/IMG_20250221_124221-min-300x225.jpg 300w, https:\/\/estado29.mx\/wp-content\/uploads\/2025\/02\/IMG_20250221_124221-min-768x576.jpg 768w, https:\/\/estado29.mx\/wp-content\/uploads\/2025\/02\/IMG_20250221_124221-min-1536x1152.jpg 1536w, https:\/\/estado29.mx\/wp-content\/uploads\/2025\/02\/IMG_20250221_124221-min-2048x1536.jpg 2048w, https:\/\/estado29.mx\/wp-content\/uploads\/2025\/02\/IMG_20250221_124221-min-750x563.jpg 750w, https:\/\/estado29.mx\/wp-content\/uploads\/2025\/02\/IMG_20250221_124221-min-1140x855.jpg 1140w\" sizes=\"auto, (max-width: 1024px) 100vw, 1024px\" \/><\/figure>\n\n\n\n<p><br>Manuel de la Vega Moreno, Coordinador del Centro Cultural Huamantla, resalt\u00f3 la importancia de fomentar el arte de la pintura en la juventud.<\/p>\n\n\n\n<p><br>Para finalizar, el Diputado Federal por el Distrito 1 Tlaxcala, Jos\u00e9 Alejandro Aguilar L\u00f3pez, destac\u00f3 que parte de las acciones que realiza desde el Congreso de la Uni\u00f3n, es trabajar por el rescate y reconocimiento art\u00edstico y cultural, tanto en Tlaxcala como en el pa\u00eds.<\/p>\n\n\n\n<figure class=\"wp-block-image size-large\"><img loading=\"lazy\" decoding=\"async\" width=\"1024\" height=\"768\" src=\"https:\/\/estado29.mx\/wp-content\/uploads\/2025\/02\/IMG_20250221_124159-min-1024x768.jpg\" alt=\"\" class=\"wp-image-93588\" srcset=\"https:\/\/estado29.mx\/wp-content\/uploads\/2025\/02\/IMG_20250221_124159-min-1024x768.jpg 1024w, https:\/\/estado29.mx\/wp-content\/uploads\/2025\/02\/IMG_20250221_124159-min-300x225.jpg 300w, https:\/\/estado29.mx\/wp-content\/uploads\/2025\/02\/IMG_20250221_124159-min-768x576.jpg 768w, https:\/\/estado29.mx\/wp-content\/uploads\/2025\/02\/IMG_20250221_124159-min-1536x1152.jpg 1536w, https:\/\/estado29.mx\/wp-content\/uploads\/2025\/02\/IMG_20250221_124159-min-2048x1536.jpg 2048w, https:\/\/estado29.mx\/wp-content\/uploads\/2025\/02\/IMG_20250221_124159-min-750x563.jpg 750w, https:\/\/estado29.mx\/wp-content\/uploads\/2025\/02\/IMG_20250221_124159-min-1140x855.jpg 1140w\" sizes=\"auto, (max-width: 1024px) 100vw, 1024px\" \/><\/figure>\n\n\n\n<p><br>Aguilar L\u00f3pez extern\u00f3 la importancia del trabajo coordinado de los tres niveles de gobierno, para dar impulso a las artes, principalmente en la juventud.<\/p>\n\n\n\n<p>Esta exposici\u00f3n, estar\u00e1 a la vista del p\u00fablico en general, por dos meses, en las instalaciones del Centro Cultural Huamantla, en horarios de 11 de la ma\u00f1ana a 7 de la noche, de lunes a s\u00e1bado.<\/p>\n\n\n<figure class=\"wp-block-post-featured-image\"><img loading=\"lazy\" decoding=\"async\" width=\"2560\" height=\"1920\" src=\"https:\/\/estado29.mx\/wp-content\/uploads\/2025\/02\/IMG_20250221_124001-min-scaled.jpg\" class=\"attachment-post-thumbnail size-post-thumbnail wp-post-image\" alt=\"\" style=\"object-fit:cover;\" srcset=\"https:\/\/estado29.mx\/wp-content\/uploads\/2025\/02\/IMG_20250221_124001-min-scaled.jpg 2560w, https:\/\/estado29.mx\/wp-content\/uploads\/2025\/02\/IMG_20250221_124001-min-300x225.jpg 300w, https:\/\/estado29.mx\/wp-content\/uploads\/2025\/02\/IMG_20250221_124001-min-1024x768.jpg 1024w, https:\/\/estado29.mx\/wp-content\/uploads\/2025\/02\/IMG_20250221_124001-min-768x576.jpg 768w, https:\/\/estado29.mx\/wp-content\/uploads\/2025\/02\/IMG_20250221_124001-min-1536x1152.jpg 1536w, https:\/\/estado29.mx\/wp-content\/uploads\/2025\/02\/IMG_20250221_124001-min-2048x1536.jpg 2048w, https:\/\/estado29.mx\/wp-content\/uploads\/2025\/02\/IMG_20250221_124001-min-750x563.jpg 750w, https:\/\/estado29.mx\/wp-content\/uploads\/2025\/02\/IMG_20250221_124001-min-1140x855.jpg 1140w\" sizes=\"auto, (max-width: 2560px) 100vw, 2560px\" \/><\/figure>","protected":false},"excerpt":{"rendered":"<p>Este viernes 21 de febrero, se llev\u00f3 a cabo en el Centro Cultural Huamantla, la inauguraci\u00f3n de la Exposici\u00f3n de los Premios Estatales de Artes Visuales 2024 \u201cTalentos Tlaxcaltecas\u201d, en las categor\u00edas, Pintura, Grabado, Ilustraci\u00f3n, Escultura, Fotograf\u00eda y Audiovisual. Luz Magali Cruces Arteaga, en representaci\u00f3n de la Secretaria de Cultura en Tlaxcala, Karen \u00c1lvarez Villeda, [&hellip;]<\/p>\n","protected":false},"author":7,"featured_media":93585,"comment_status":"open","ping_status":"open","sticky":false,"template":"","format":"standard","meta":{"om_disable_all_campaigns":false,"_monsterinsights_skip_tracking":false,"_monsterinsights_sitenote_active":false,"_monsterinsights_sitenote_note":"","_monsterinsights_sitenote_category":0,"jnews-multi-image_gallery":[],"jnews_single_post":{"format":"standard"},"jnews_primary_category":[],"footnotes":""},"categories":[1],"tags":[],"class_list":["post-93584","post","type-post","status-publish","format-standard","has-post-thumbnail","hentry","category-uncategorized"],"aioseo_notices":[],"_links":{"self":[{"href":"https:\/\/estado29.mx\/index.php?rest_route=\/wp\/v2\/posts\/93584","targetHints":{"allow":["GET"]}}],"collection":[{"href":"https:\/\/estado29.mx\/index.php?rest_route=\/wp\/v2\/posts"}],"about":[{"href":"https:\/\/estado29.mx\/index.php?rest_route=\/wp\/v2\/types\/post"}],"author":[{"embeddable":true,"href":"https:\/\/estado29.mx\/index.php?rest_route=\/wp\/v2\/users\/7"}],"replies":[{"embeddable":true,"href":"https:\/\/estado29.mx\/index.php?rest_route=%2Fwp%2Fv2%2Fcomments&post=93584"}],"version-history":[{"count":3,"href":"https:\/\/estado29.mx\/index.php?rest_route=\/wp\/v2\/posts\/93584\/revisions"}],"predecessor-version":[{"id":93613,"href":"https:\/\/estado29.mx\/index.php?rest_route=\/wp\/v2\/posts\/93584\/revisions\/93613"}],"wp:featuredmedia":[{"embeddable":true,"href":"https:\/\/estado29.mx\/index.php?rest_route=\/wp\/v2\/media\/93585"}],"wp:attachment":[{"href":"https:\/\/estado29.mx\/index.php?rest_route=%2Fwp%2Fv2%2Fmedia&parent=93584"}],"wp:term":[{"taxonomy":"category","embeddable":true,"href":"https:\/\/estado29.mx\/index.php?rest_route=%2Fwp%2Fv2%2Fcategories&post=93584"},{"taxonomy":"post_tag","embeddable":true,"href":"https:\/\/estado29.mx\/index.php?rest_route=%2Fwp%2Fv2%2Ftags&post=93584"}],"curies":[{"name":"wp","href":"https:\/\/api.w.org\/{rel}","templated":true}]}}