{"id":93595,"date":"2025-02-21T21:22:38","date_gmt":"2025-02-21T21:22:38","guid":{"rendered":"https:\/\/estado29.mx\/?p=93595"},"modified":"2025-02-21T21:22:39","modified_gmt":"2025-02-21T21:22:39","slug":"inician-corporaciones-de-seguridad-operativo-en-comunidades-de-el-carmen-tequexquitla","status":"publish","type":"post","link":"https:\/\/estado29.mx\/?p=93595","title":{"rendered":"Inician Corporaciones de Seguridad Operativo en comunidades de El Carmen Tequexquitla."},"content":{"rendered":"\n<p><br>Con el fin de salvaguardar la integridad y seguridad de los ciudadanos, se ha iniciado un operativo en las colonias La Soledad y Vicente Guerrero, en el municipio de El Carmen Tequexquitla, que cual es encabezado por Protecci\u00f3n Civil, en colaboraci\u00f3n con la Secretar\u00eda de la Defensa Nacional (SEDENA), Guardia Nacional (GN) y Polic\u00eda Municipal.<\/p>\n\n\n\n<figure class=\"wp-block-image size-full\"><img loading=\"lazy\" decoding=\"async\" width=\"720\" height=\"540\" src=\"https:\/\/estado29.mx\/wp-content\/uploads\/2025\/02\/FB_IMG_1740108204925.jpg\" alt=\"\" class=\"wp-image-93597\" srcset=\"https:\/\/estado29.mx\/wp-content\/uploads\/2025\/02\/FB_IMG_1740108204925.jpg 720w, https:\/\/estado29.mx\/wp-content\/uploads\/2025\/02\/FB_IMG_1740108204925-300x225.jpg 300w\" sizes=\"auto, (max-width: 720px) 100vw, 720px\" \/><\/figure>\n\n\n\n<p>Autoridades destacaron que el compromiso es garantizar la seguridad y tranquilidad de los pobladores de esas y otras comunidades y para lograrlo, se trabaja de manera coordinada con las diferentes instancias de seguridad.<\/p>\n\n\n\n<p><br>Es importante destacar, que este operativo permitir\u00e1 reforzar la presencia policial en la zona, prevenir incidentes, as\u00ed como responder de manera efectiva en caso de emergencias.<\/p>\n\n\n<figure class=\"wp-block-post-featured-image\"><img loading=\"lazy\" decoding=\"async\" width=\"720\" height=\"540\" src=\"https:\/\/estado29.mx\/wp-content\/uploads\/2025\/02\/FB_IMG_1740108212586.jpg\" class=\"attachment-post-thumbnail size-post-thumbnail wp-post-image\" alt=\"\" style=\"object-fit:cover;\" srcset=\"https:\/\/estado29.mx\/wp-content\/uploads\/2025\/02\/FB_IMG_1740108212586.jpg 720w, https:\/\/estado29.mx\/wp-content\/uploads\/2025\/02\/FB_IMG_1740108212586-300x225.jpg 300w\" sizes=\"auto, (max-width: 720px) 100vw, 720px\" \/><\/figure>","protected":false},"excerpt":{"rendered":"<p>Con el fin de salvaguardar la integridad y seguridad de los ciudadanos, se ha iniciado un operativo en las colonias La Soledad y Vicente Guerrero, en el municipio de El Carmen Tequexquitla, que cual es encabezado por Protecci\u00f3n Civil, en colaboraci\u00f3n con la Secretar\u00eda de la Defensa Nacional (SEDENA), Guardia Nacional (GN) y Polic\u00eda Municipal. [&hellip;]<\/p>\n","protected":false},"author":7,"featured_media":93596,"comment_status":"open","ping_status":"open","sticky":false,"template":"","format":"standard","meta":{"om_disable_all_campaigns":false,"_monsterinsights_skip_tracking":false,"_monsterinsights_sitenote_active":false,"_monsterinsights_sitenote_note":"","_monsterinsights_sitenote_category":0,"jnews-multi-image_gallery":[],"jnews_single_post":{"format":"standard"},"jnews_primary_category":[],"footnotes":""},"categories":[1],"tags":[],"class_list":["post-93595","post","type-post","status-publish","format-standard","has-post-thumbnail","hentry","category-uncategorized"],"aioseo_notices":[],"_links":{"self":[{"href":"https:\/\/estado29.mx\/index.php?rest_route=\/wp\/v2\/posts\/93595","targetHints":{"allow":["GET"]}}],"collection":[{"href":"https:\/\/estado29.mx\/index.php?rest_route=\/wp\/v2\/posts"}],"about":[{"href":"https:\/\/estado29.mx\/index.php?rest_route=\/wp\/v2\/types\/post"}],"author":[{"embeddable":true,"href":"https:\/\/estado29.mx\/index.php?rest_route=\/wp\/v2\/users\/7"}],"replies":[{"embeddable":true,"href":"https:\/\/estado29.mx\/index.php?rest_route=%2Fwp%2Fv2%2Fcomments&post=93595"}],"version-history":[{"count":1,"href":"https:\/\/estado29.mx\/index.php?rest_route=\/wp\/v2\/posts\/93595\/revisions"}],"predecessor-version":[{"id":93598,"href":"https:\/\/estado29.mx\/index.php?rest_route=\/wp\/v2\/posts\/93595\/revisions\/93598"}],"wp:featuredmedia":[{"embeddable":true,"href":"https:\/\/estado29.mx\/index.php?rest_route=\/wp\/v2\/media\/93596"}],"wp:attachment":[{"href":"https:\/\/estado29.mx\/index.php?rest_route=%2Fwp%2Fv2%2Fmedia&parent=93595"}],"wp:term":[{"taxonomy":"category","embeddable":true,"href":"https:\/\/estado29.mx\/index.php?rest_route=%2Fwp%2Fv2%2Fcategories&post=93595"},{"taxonomy":"post_tag","embeddable":true,"href":"https:\/\/estado29.mx\/index.php?rest_route=%2Fwp%2Fv2%2Ftags&post=93595"}],"curies":[{"name":"wp","href":"https:\/\/api.w.org\/{rel}","templated":true}]}}