{"id":93621,"date":"2025-02-23T04:38:50","date_gmt":"2025-02-23T04:38:50","guid":{"rendered":"https:\/\/estado29.mx\/?p=93621"},"modified":"2025-02-23T04:38:50","modified_gmt":"2025-02-23T04:38:50","slug":"impacta-colectiva-y-camioneta-en-huamantla","status":"publish","type":"post","link":"https:\/\/estado29.mx\/?p=93621","title":{"rendered":"Impacta colectiva y camioneta en Huamantla"},"content":{"rendered":"\n<p>Seguidores comparten un video en donde se muestra otro accidente que se registra sobre la carretera M\u00e9xico &#8211; Veracruz a la altura del rancho de Santa Clara.<\/p>\n\n\n\n<p>Metros antes donde se registr\u00f3 otro hecho vial horas antes, que dej\u00f3 a varias partes del municipio sin luz el\u00e9ctrica.<\/p>\n\n\n\n<p>En el lugar elementos de la Guardia Nacional y Polic\u00eda Municipal quienes abanderan la zona ya que la poca luz y el asfalto mojado complica la circulaci\u00f3n.<\/p>\n\n\n\n<p>Se trata de una colectiva con ruta Huamantla &#8211; Xicotencatl y una camioneta Frontier, sin presentar perdonas lesionadas; por lo que exhortan a circulaci\u00f3n con precauci\u00f3n.<\/p>\n","protected":false},"excerpt":{"rendered":"<p>Seguidores comparten un video en donde se muestra otro accidente que se registra sobre la carretera M\u00e9xico &#8211; Veracruz a la altura del rancho de Santa Clara. Metros antes donde se registr\u00f3 otro hecho vial horas antes, que dej\u00f3 a varias partes del municipio sin luz el\u00e9ctrica. En el lugar elementos de la Guardia Nacional [&hellip;]<\/p>\n","protected":false},"author":5,"featured_media":93622,"comment_status":"open","ping_status":"open","sticky":false,"template":"","format":"standard","meta":{"om_disable_all_campaigns":false,"_monsterinsights_skip_tracking":false,"_monsterinsights_sitenote_active":false,"_monsterinsights_sitenote_note":"","_monsterinsights_sitenote_category":0,"jnews-multi-image_gallery":[],"jnews_single_post":{"format":"standard"},"jnews_primary_category":[],"footnotes":""},"categories":[1],"tags":[],"class_list":["post-93621","post","type-post","status-publish","format-standard","has-post-thumbnail","hentry","category-uncategorized"],"aioseo_notices":[],"_links":{"self":[{"href":"https:\/\/estado29.mx\/index.php?rest_route=\/wp\/v2\/posts\/93621","targetHints":{"allow":["GET"]}}],"collection":[{"href":"https:\/\/estado29.mx\/index.php?rest_route=\/wp\/v2\/posts"}],"about":[{"href":"https:\/\/estado29.mx\/index.php?rest_route=\/wp\/v2\/types\/post"}],"author":[{"embeddable":true,"href":"https:\/\/estado29.mx\/index.php?rest_route=\/wp\/v2\/users\/5"}],"replies":[{"embeddable":true,"href":"https:\/\/estado29.mx\/index.php?rest_route=%2Fwp%2Fv2%2Fcomments&post=93621"}],"version-history":[{"count":1,"href":"https:\/\/estado29.mx\/index.php?rest_route=\/wp\/v2\/posts\/93621\/revisions"}],"predecessor-version":[{"id":93623,"href":"https:\/\/estado29.mx\/index.php?rest_route=\/wp\/v2\/posts\/93621\/revisions\/93623"}],"wp:featuredmedia":[{"embeddable":true,"href":"https:\/\/estado29.mx\/index.php?rest_route=\/wp\/v2\/media\/93622"}],"wp:attachment":[{"href":"https:\/\/estado29.mx\/index.php?rest_route=%2Fwp%2Fv2%2Fmedia&parent=93621"}],"wp:term":[{"taxonomy":"category","embeddable":true,"href":"https:\/\/estado29.mx\/index.php?rest_route=%2Fwp%2Fv2%2Fcategories&post=93621"},{"taxonomy":"post_tag","embeddable":true,"href":"https:\/\/estado29.mx\/index.php?rest_route=%2Fwp%2Fv2%2Ftags&post=93621"}],"curies":[{"name":"wp","href":"https:\/\/api.w.org\/{rel}","templated":true}]}}