{"id":93651,"date":"2025-02-24T18:24:39","date_gmt":"2025-02-24T18:24:39","guid":{"rendered":"https:\/\/estado29.mx\/?p=93651"},"modified":"2025-02-24T18:24:40","modified_gmt":"2025-02-24T18:24:40","slug":"presidenta-claudia-sheinbaum-la-bandera-es-un-simbolo-de-la-independencia-y-de-la-soberania-que-recupera-nuestra-historia","status":"publish","type":"post","link":"https:\/\/estado29.mx\/?p=93651","title":{"rendered":"Presidenta Claudia Sheinbaum: La bandera es un s\u00edmbolo de la independencia y de la soberan\u00eda que recupera nuestra historia."},"content":{"rendered":"<figure class=\"wp-block-post-featured-image\"><img loading=\"lazy\" decoding=\"async\" width=\"1600\" height=\"1067\" src=\"https:\/\/estado29.mx\/wp-content\/uploads\/2025\/02\/WhatsApp-Image-2025-02-24-at-9.13.37-AM.jpeg\" class=\"attachment-post-thumbnail size-post-thumbnail wp-post-image\" alt=\"\" style=\"object-fit:cover;\" srcset=\"https:\/\/estado29.mx\/wp-content\/uploads\/2025\/02\/WhatsApp-Image-2025-02-24-at-9.13.37-AM.jpeg 1600w, https:\/\/estado29.mx\/wp-content\/uploads\/2025\/02\/WhatsApp-Image-2025-02-24-at-9.13.37-AM-300x200.jpeg 300w, https:\/\/estado29.mx\/wp-content\/uploads\/2025\/02\/WhatsApp-Image-2025-02-24-at-9.13.37-AM-1024x683.jpeg 1024w, https:\/\/estado29.mx\/wp-content\/uploads\/2025\/02\/WhatsApp-Image-2025-02-24-at-9.13.37-AM-768x512.jpeg 768w, https:\/\/estado29.mx\/wp-content\/uploads\/2025\/02\/WhatsApp-Image-2025-02-24-at-9.13.37-AM-1536x1024.jpeg 1536w, https:\/\/estado29.mx\/wp-content\/uploads\/2025\/02\/WhatsApp-Image-2025-02-24-at-9.13.37-AM-750x500.jpeg 750w, https:\/\/estado29.mx\/wp-content\/uploads\/2025\/02\/WhatsApp-Image-2025-02-24-at-9.13.37-AM-1140x760.jpeg 1140w\" sizes=\"auto, (max-width: 1600px) 100vw, 1600px\" \/><\/figure>\n\n\n<ul class=\"wp-block-list\">\n<li>\u201cNos corresponde recuperar el valor la historia de nuestro pa\u00eds\u201d, puntualiz\u00f3<\/li>\n<\/ul>\n\n\n\n<p>En el marco del D\u00eda de la Bandera, la Presidenta Claudia Sheinbaum Pardo, destac\u00f3 que la Bandera de M\u00e9xico, es un s\u00edmbolo de la independencia y de la soberan\u00eda nacional, en la que se recupera la historia del pa\u00eds y el orgullo de ser mexicanos y mexicanas.<\/p>\n\n\n\n<p>\u201cEs muy importante reconocer la historia, la memoria hist\u00f3rica, la bandera como un s\u00edmbolo que nos agrupa, un s\u00edmbolo de independencia, de soberan\u00eda, de historia (\u2026)<\/p>\n\n\n\n<p>\u201cEs un s\u00edmbolo muy grande la bandera y hoy recupera nuestra historia y sentirnos muy orgullosos de ser mexicanos y mexicanas\u201d, afirm\u00f3 en conferencia matutina: \u201cLas ma\u00f1aneras del pueblo\u201d.<\/p>\n\n\n\n<p>Puntualiz\u00f3 que en la Cuarta Transformaci\u00f3n se busca rescatar la historia nacional, as\u00ed como a los h\u00e9roes y hero\u00ednas que durante mucho tiempo no fueron reconocidos, particularmente durante el periodo neoliberal.<\/p>\n\n\n\n<p>\u201cPara ellos M\u00e9xico no era ejemplo, quiz\u00e1 hasta les avergonzaba nuestra historia nacional y miraban a otros lados, a otros pa\u00edses, en aquella \u00e9poca incluso se habl\u00f3 del fin de la historia, y con la Cuarta Transformaci\u00f3n el objetivo no solamente es rescatar, recuperar la historia, nuestros h\u00e9roes, nuestras hero\u00ednas, sino muchos h\u00e9roes que no fueron reconocidos tampoco previo al periodo neoliberal, muchos h\u00e9roes y hero\u00ednas, dirigentes sociales que representaron la lucha por las libertades por la democracia en contra del r\u00e9gimen de un solo partido y que nunca fueron reconocidos inclusive fueron encarcelados\u201d, destac\u00f3.<\/p>\n\n\n\n<p>Puntualiz\u00f3 que, ahora corresponde recuperar el valor hist\u00f3rico de M\u00e9xico.<\/p>\n\n\n\n<p>\u201cNos corresponde recuperar el valor la historia de nuestro pa\u00eds, la memoria hist\u00f3rica, recuperar y reconocer los pueblos originarios previo a la llegada o a la invasi\u00f3n de los espa\u00f1oles, los 300 a\u00f1os de colonia, recuperar el origen y recuperar tambi\u00e9n la historia desde la independencia hasta la fecha\u201d, agreg\u00f3.<\/p>\n","protected":false},"excerpt":{"rendered":"<p>En el marco del D\u00eda de la Bandera, la Presidenta Claudia Sheinbaum Pardo, destac\u00f3 que la Bandera de M\u00e9xico, es un s\u00edmbolo de la independencia y de la soberan\u00eda nacional, en la que se recupera la historia del pa\u00eds y el orgullo de ser mexicanos y mexicanas. \u201cEs muy importante reconocer la historia, la memoria [&hellip;]<\/p>\n","protected":false},"author":4,"featured_media":93652,"comment_status":"open","ping_status":"open","sticky":false,"template":"","format":"standard","meta":{"om_disable_all_campaigns":false,"_monsterinsights_skip_tracking":false,"_monsterinsights_sitenote_active":false,"_monsterinsights_sitenote_note":"","_monsterinsights_sitenote_category":0,"jnews-multi-image_gallery":[],"jnews_single_post":{"format":"standard"},"jnews_primary_category":[],"footnotes":""},"categories":[1],"tags":[],"class_list":["post-93651","post","type-post","status-publish","format-standard","has-post-thumbnail","hentry","category-uncategorized"],"aioseo_notices":[],"_links":{"self":[{"href":"https:\/\/estado29.mx\/index.php?rest_route=\/wp\/v2\/posts\/93651","targetHints":{"allow":["GET"]}}],"collection":[{"href":"https:\/\/estado29.mx\/index.php?rest_route=\/wp\/v2\/posts"}],"about":[{"href":"https:\/\/estado29.mx\/index.php?rest_route=\/wp\/v2\/types\/post"}],"author":[{"embeddable":true,"href":"https:\/\/estado29.mx\/index.php?rest_route=\/wp\/v2\/users\/4"}],"replies":[{"embeddable":true,"href":"https:\/\/estado29.mx\/index.php?rest_route=%2Fwp%2Fv2%2Fcomments&post=93651"}],"version-history":[{"count":1,"href":"https:\/\/estado29.mx\/index.php?rest_route=\/wp\/v2\/posts\/93651\/revisions"}],"predecessor-version":[{"id":93653,"href":"https:\/\/estado29.mx\/index.php?rest_route=\/wp\/v2\/posts\/93651\/revisions\/93653"}],"wp:featuredmedia":[{"embeddable":true,"href":"https:\/\/estado29.mx\/index.php?rest_route=\/wp\/v2\/media\/93652"}],"wp:attachment":[{"href":"https:\/\/estado29.mx\/index.php?rest_route=%2Fwp%2Fv2%2Fmedia&parent=93651"}],"wp:term":[{"taxonomy":"category","embeddable":true,"href":"https:\/\/estado29.mx\/index.php?rest_route=%2Fwp%2Fv2%2Fcategories&post=93651"},{"taxonomy":"post_tag","embeddable":true,"href":"https:\/\/estado29.mx\/index.php?rest_route=%2Fwp%2Fv2%2Ftags&post=93651"}],"curies":[{"name":"wp","href":"https:\/\/api.w.org\/{rel}","templated":true}]}}