{"id":93663,"date":"2025-02-25T18:39:39","date_gmt":"2025-02-25T18:39:39","guid":{"rendered":"https:\/\/estado29.mx\/?p=93663"},"modified":"2025-02-25T18:39:42","modified_gmt":"2025-02-25T18:39:42","slug":"ixtenco-refuerza-la-seguridad-con-el-programa-comercio-seguro","status":"publish","type":"post","link":"https:\/\/estado29.mx\/?p=93663","title":{"rendered":"Ixtenco refuerza la seguridad con el programa &#8220;Comercio Seguro&#8221;."},"content":{"rendered":"\n<p><\/p>\n\n\n\n<p>El Gobierno Municipal de Ixtenco, encabezado por Miriam Aline Lazo Caballero, contin\u00faa fortaleciendo la seguridad y la comunicaci\u00f3n con el sector comercial a trav\u00e9s del programa &#8220;Comercio Seguro&#8221;.<\/p>\n\n\n\n<p><br>Esta iniciativa busca brindar mayor tranquilidad a los comerciantes y establecer estrategias de prevenci\u00f3n en coordinaci\u00f3n con las autoridades locales.<\/p>\n\n\n\n<figure class=\"wp-block-image size-large\"><img loading=\"lazy\" decoding=\"async\" width=\"771\" height=\"1024\" src=\"https:\/\/estado29.mx\/wp-content\/uploads\/2025\/02\/IMG-20250223-WA0007-771x1024.jpg\" alt=\"\" class=\"wp-image-93665\" srcset=\"https:\/\/estado29.mx\/wp-content\/uploads\/2025\/02\/IMG-20250223-WA0007-771x1024.jpg 771w, https:\/\/estado29.mx\/wp-content\/uploads\/2025\/02\/IMG-20250223-WA0007-226x300.jpg 226w, https:\/\/estado29.mx\/wp-content\/uploads\/2025\/02\/IMG-20250223-WA0007-768x1021.jpg 768w, https:\/\/estado29.mx\/wp-content\/uploads\/2025\/02\/IMG-20250223-WA0007-1156x1536.jpg 1156w, https:\/\/estado29.mx\/wp-content\/uploads\/2025\/02\/IMG-20250223-WA0007-750x997.jpg 750w, https:\/\/estado29.mx\/wp-content\/uploads\/2025\/02\/IMG-20250223-WA0007-1140x1515.jpg 1140w, https:\/\/estado29.mx\/wp-content\/uploads\/2025\/02\/IMG-20250223-WA0007.jpg 1204w\" sizes=\"auto, (max-width: 771px) 100vw, 771px\" \/><\/figure>\n\n\n\n<p><br>Como parte de este esfuerzo, el Director de Seguridad Municipal, Alejandro Reyes Soto, inform\u00f3 que hasta la fecha se han visitado un total de 113 comercios ubicados en las principales avenidas del municipio, tales como Juan Ponce de Le\u00f3n, 5 de Mayo, Emiliano Zapata y 2 Norte, as\u00ed como en la Plaza de la Constituci\u00f3n.<\/p>\n\n\n\n<p>Sumado a estas acciones, el Director de Seguridad, dijo que se han conformado cuatro grupos de WhatsApp exclusivos para comerciantes, con el objetivo de agilizar la comunicaci\u00f3n y garantizar una respuesta m\u00e1s eficiente ante cualquier eventualidad.<\/p>\n\n\n\n<figure class=\"wp-block-image size-large\"><img loading=\"lazy\" decoding=\"async\" width=\"771\" height=\"1024\" src=\"https:\/\/estado29.mx\/wp-content\/uploads\/2025\/02\/IMG-20250223-WA0002-771x1024.jpg\" alt=\"\" class=\"wp-image-93666\" srcset=\"https:\/\/estado29.mx\/wp-content\/uploads\/2025\/02\/IMG-20250223-WA0002-771x1024.jpg 771w, https:\/\/estado29.mx\/wp-content\/uploads\/2025\/02\/IMG-20250223-WA0002-226x300.jpg 226w, https:\/\/estado29.mx\/wp-content\/uploads\/2025\/02\/IMG-20250223-WA0002-768x1021.jpg 768w, https:\/\/estado29.mx\/wp-content\/uploads\/2025\/02\/IMG-20250223-WA0002-1156x1536.jpg 1156w, https:\/\/estado29.mx\/wp-content\/uploads\/2025\/02\/IMG-20250223-WA0002-750x997.jpg 750w, https:\/\/estado29.mx\/wp-content\/uploads\/2025\/02\/IMG-20250223-WA0002-1140x1515.jpg 1140w, https:\/\/estado29.mx\/wp-content\/uploads\/2025\/02\/IMG-20250223-WA0002.jpg 1204w\" sizes=\"auto, (max-width: 771px) 100vw, 771px\" \/><\/figure>\n\n\n\n<p>De esta manera, el Gobierno de Ixtenco, reafirma su compromiso con la seguridad y anuncia que las visitas continuar\u00e1n en los comercios ubicados en el interior del municipio, con el prop\u00f3sito de extender esta red de protecci\u00f3n y colaboraci\u00f3n a m\u00e1s establecimientos.<\/p>\n\n\n<figure class=\"wp-block-post-featured-image\"><img loading=\"lazy\" decoding=\"async\" width=\"1204\" height=\"1600\" src=\"https:\/\/estado29.mx\/wp-content\/uploads\/2025\/02\/IMG-20250223-WA0006.jpg\" class=\"attachment-post-thumbnail size-post-thumbnail wp-post-image\" alt=\"\" style=\"object-fit:cover;\" srcset=\"https:\/\/estado29.mx\/wp-content\/uploads\/2025\/02\/IMG-20250223-WA0006.jpg 1204w, https:\/\/estado29.mx\/wp-content\/uploads\/2025\/02\/IMG-20250223-WA0006-226x300.jpg 226w, https:\/\/estado29.mx\/wp-content\/uploads\/2025\/02\/IMG-20250223-WA0006-771x1024.jpg 771w, https:\/\/estado29.mx\/wp-content\/uploads\/2025\/02\/IMG-20250223-WA0006-768x1021.jpg 768w, https:\/\/estado29.mx\/wp-content\/uploads\/2025\/02\/IMG-20250223-WA0006-1156x1536.jpg 1156w, https:\/\/estado29.mx\/wp-content\/uploads\/2025\/02\/IMG-20250223-WA0006-750x997.jpg 750w, https:\/\/estado29.mx\/wp-content\/uploads\/2025\/02\/IMG-20250223-WA0006-1140x1515.jpg 1140w\" sizes=\"auto, (max-width: 1204px) 100vw, 1204px\" \/><\/figure>","protected":false},"excerpt":{"rendered":"<p>El Gobierno Municipal de Ixtenco, encabezado por Miriam Aline Lazo Caballero, contin\u00faa fortaleciendo la seguridad y la comunicaci\u00f3n con el sector comercial a trav\u00e9s del programa &#8220;Comercio Seguro&#8221;. Esta iniciativa busca brindar mayor tranquilidad a los comerciantes y establecer estrategias de prevenci\u00f3n en coordinaci\u00f3n con las autoridades locales. Como parte de este esfuerzo, el Director [&hellip;]<\/p>\n","protected":false},"author":7,"featured_media":93664,"comment_status":"open","ping_status":"open","sticky":false,"template":"","format":"standard","meta":{"om_disable_all_campaigns":false,"_monsterinsights_skip_tracking":false,"_monsterinsights_sitenote_active":false,"_monsterinsights_sitenote_note":"","_monsterinsights_sitenote_category":0,"jnews-multi-image_gallery":[],"jnews_single_post":{"format":"standard"},"jnews_primary_category":[],"footnotes":""},"categories":[1],"tags":[],"class_list":["post-93663","post","type-post","status-publish","format-standard","has-post-thumbnail","hentry","category-uncategorized"],"aioseo_notices":[],"_links":{"self":[{"href":"https:\/\/estado29.mx\/index.php?rest_route=\/wp\/v2\/posts\/93663","targetHints":{"allow":["GET"]}}],"collection":[{"href":"https:\/\/estado29.mx\/index.php?rest_route=\/wp\/v2\/posts"}],"about":[{"href":"https:\/\/estado29.mx\/index.php?rest_route=\/wp\/v2\/types\/post"}],"author":[{"embeddable":true,"href":"https:\/\/estado29.mx\/index.php?rest_route=\/wp\/v2\/users\/7"}],"replies":[{"embeddable":true,"href":"https:\/\/estado29.mx\/index.php?rest_route=%2Fwp%2Fv2%2Fcomments&post=93663"}],"version-history":[{"count":1,"href":"https:\/\/estado29.mx\/index.php?rest_route=\/wp\/v2\/posts\/93663\/revisions"}],"predecessor-version":[{"id":93667,"href":"https:\/\/estado29.mx\/index.php?rest_route=\/wp\/v2\/posts\/93663\/revisions\/93667"}],"wp:featuredmedia":[{"embeddable":true,"href":"https:\/\/estado29.mx\/index.php?rest_route=\/wp\/v2\/media\/93664"}],"wp:attachment":[{"href":"https:\/\/estado29.mx\/index.php?rest_route=%2Fwp%2Fv2%2Fmedia&parent=93663"}],"wp:term":[{"taxonomy":"category","embeddable":true,"href":"https:\/\/estado29.mx\/index.php?rest_route=%2Fwp%2Fv2%2Fcategories&post=93663"},{"taxonomy":"post_tag","embeddable":true,"href":"https:\/\/estado29.mx\/index.php?rest_route=%2Fwp%2Fv2%2Ftags&post=93663"}],"curies":[{"name":"wp","href":"https:\/\/api.w.org\/{rel}","templated":true}]}}