{"id":93668,"date":"2025-02-25T18:42:43","date_gmt":"2025-02-25T18:42:43","guid":{"rendered":"https:\/\/estado29.mx\/?p=93668"},"modified":"2025-02-25T18:42:44","modified_gmt":"2025-02-25T18:42:44","slug":"gobierno-de-ixtenco-impulsa-la-inclusion-de-adultos-mayores-en-actividades-productivas","status":"publish","type":"post","link":"https:\/\/estado29.mx\/?p=93668","title":{"rendered":"Gobierno de Ixtenco impulsa la inclusi\u00f3n de adultos mayores en actividades productivas."},"content":{"rendered":"\n<p><\/p>\n\n\n\n<p>El Gobierno Municipal de Ixtenco, encabezado Aline Lazo Caballero, dio inicio a la segunda semana de febrero con el programa de empleo temporal &#8220;Bienestar por tu Econom\u00eda&#8221;, una iniciativa que busca brindar oportunidades laborales a distintos sectores de la poblaci\u00f3n.<\/p>\n\n\n\n<figure class=\"wp-block-image size-large\"><img loading=\"lazy\" decoding=\"async\" width=\"1024\" height=\"682\" src=\"https:\/\/estado29.mx\/wp-content\/uploads\/2025\/02\/IMG-20250224-WA0009-1024x682.jpg\" alt=\"\" class=\"wp-image-93670\" srcset=\"https:\/\/estado29.mx\/wp-content\/uploads\/2025\/02\/IMG-20250224-WA0009-1024x682.jpg 1024w, https:\/\/estado29.mx\/wp-content\/uploads\/2025\/02\/IMG-20250224-WA0009-300x200.jpg 300w, https:\/\/estado29.mx\/wp-content\/uploads\/2025\/02\/IMG-20250224-WA0009-768x512.jpg 768w, https:\/\/estado29.mx\/wp-content\/uploads\/2025\/02\/IMG-20250224-WA0009-1536x1023.jpg 1536w, https:\/\/estado29.mx\/wp-content\/uploads\/2025\/02\/IMG-20250224-WA0009-750x500.jpg 750w, https:\/\/estado29.mx\/wp-content\/uploads\/2025\/02\/IMG-20250224-WA0009-1140x760.jpg 1140w, https:\/\/estado29.mx\/wp-content\/uploads\/2025\/02\/IMG-20250224-WA0009.jpg 1600w\" sizes=\"auto, (max-width: 1024px) 100vw, 1024px\" \/><\/figure>\n\n\n\n<p>Para garantizar su bienestar, los participantes realizar\u00e1n actividades adecuadas a su edad y condiciones f\u00edsicas, permiti\u00e9ndoles contribuir activamente sin comprometer su salud.<\/p>\n\n\n\n<figure class=\"wp-block-image size-large\"><img loading=\"lazy\" decoding=\"async\" width=\"1024\" height=\"682\" src=\"https:\/\/estado29.mx\/wp-content\/uploads\/2025\/02\/IMG-20250224-WA0011-1024x682.jpg\" alt=\"\" class=\"wp-image-93671\" srcset=\"https:\/\/estado29.mx\/wp-content\/uploads\/2025\/02\/IMG-20250224-WA0011-1024x682.jpg 1024w, https:\/\/estado29.mx\/wp-content\/uploads\/2025\/02\/IMG-20250224-WA0011-300x200.jpg 300w, https:\/\/estado29.mx\/wp-content\/uploads\/2025\/02\/IMG-20250224-WA0011-768x512.jpg 768w, https:\/\/estado29.mx\/wp-content\/uploads\/2025\/02\/IMG-20250224-WA0011-1536x1023.jpg 1536w, https:\/\/estado29.mx\/wp-content\/uploads\/2025\/02\/IMG-20250224-WA0011-750x500.jpg 750w, https:\/\/estado29.mx\/wp-content\/uploads\/2025\/02\/IMG-20250224-WA0011-1140x760.jpg 1140w, https:\/\/estado29.mx\/wp-content\/uploads\/2025\/02\/IMG-20250224-WA0011.jpg 1600w\" sizes=\"auto, (max-width: 1024px) 100vw, 1024px\" \/><\/figure>\n\n\n\n<p>Como parte de estas acciones, los adultos mayores estar\u00e1n a cargo de la creaci\u00f3n de material decorativo, que ser\u00e1 utilizado para embellecer distintos espacios del municipio. Este trabajo se lleva a cabo en coordinaci\u00f3n con la Direcci\u00f3n de Cultura y Turismo, permitiendo que la creatividad y experiencia de los participantes se reflejen en el entorno comunitario.<\/p>\n\n\n\n<figure class=\"wp-block-image size-large\"><img loading=\"lazy\" decoding=\"async\" width=\"1024\" height=\"682\" src=\"https:\/\/estado29.mx\/wp-content\/uploads\/2025\/02\/IMG-20250224-WA0012-1024x682.jpg\" alt=\"\" class=\"wp-image-93672\" srcset=\"https:\/\/estado29.mx\/wp-content\/uploads\/2025\/02\/IMG-20250224-WA0012-1024x682.jpg 1024w, https:\/\/estado29.mx\/wp-content\/uploads\/2025\/02\/IMG-20250224-WA0012-300x200.jpg 300w, https:\/\/estado29.mx\/wp-content\/uploads\/2025\/02\/IMG-20250224-WA0012-768x512.jpg 768w, https:\/\/estado29.mx\/wp-content\/uploads\/2025\/02\/IMG-20250224-WA0012-1536x1023.jpg 1536w, https:\/\/estado29.mx\/wp-content\/uploads\/2025\/02\/IMG-20250224-WA0012-750x500.jpg 750w, https:\/\/estado29.mx\/wp-content\/uploads\/2025\/02\/IMG-20250224-WA0012-1140x760.jpg 1140w, https:\/\/estado29.mx\/wp-content\/uploads\/2025\/02\/IMG-20250224-WA0012.jpg 1600w\" sizes=\"auto, (max-width: 1024px) 100vw, 1024px\" \/><\/figure>\n\n\n\n<p>El programa &#8220;Bienestar por tu Econom\u00eda&#8221; es coordinado por Ana Laura Moreno Escalona, y cuenta con el respaldo de la Direcci\u00f3n de Cultura y Turismo, a cargo de David V\u00e1squez Alba\u00f1il. Esta iniciativa reafirma el compromiso del Ayuntamiento de Ixtenco con el desarrollo econ\u00f3mico y social de la comunidad, ofreciendo oportunidades laborales a quienes m\u00e1s lo necesitan.<\/p>\n\n\n<figure class=\"wp-block-post-featured-image\"><img loading=\"lazy\" decoding=\"async\" width=\"1600\" height=\"1066\" src=\"https:\/\/estado29.mx\/wp-content\/uploads\/2025\/02\/IMG-20250224-WA0008.jpg\" class=\"attachment-post-thumbnail size-post-thumbnail wp-post-image\" alt=\"\" style=\"object-fit:cover;\" srcset=\"https:\/\/estado29.mx\/wp-content\/uploads\/2025\/02\/IMG-20250224-WA0008.jpg 1600w, https:\/\/estado29.mx\/wp-content\/uploads\/2025\/02\/IMG-20250224-WA0008-300x200.jpg 300w, https:\/\/estado29.mx\/wp-content\/uploads\/2025\/02\/IMG-20250224-WA0008-1024x682.jpg 1024w, https:\/\/estado29.mx\/wp-content\/uploads\/2025\/02\/IMG-20250224-WA0008-768x512.jpg 768w, https:\/\/estado29.mx\/wp-content\/uploads\/2025\/02\/IMG-20250224-WA0008-1536x1023.jpg 1536w, https:\/\/estado29.mx\/wp-content\/uploads\/2025\/02\/IMG-20250224-WA0008-750x500.jpg 750w, https:\/\/estado29.mx\/wp-content\/uploads\/2025\/02\/IMG-20250224-WA0008-1140x760.jpg 1140w\" sizes=\"auto, (max-width: 1600px) 100vw, 1600px\" \/><\/figure>\n\n\n<p>Con estas acciones, el Gobierno Municipal busca fortalecer la inclusi\u00f3n y participaci\u00f3n de los adultos mayores en actividades productivas, promoviendo su bienestar y reconociendo su valiosa contribuci\u00f3n a la sociedad.<\/p>\n","protected":false},"excerpt":{"rendered":"<p>El Gobierno Municipal de Ixtenco, encabezado Aline Lazo Caballero, dio inicio a la segunda semana de febrero con el programa de empleo temporal &#8220;Bienestar por tu Econom\u00eda&#8221;, una iniciativa que busca brindar oportunidades laborales a distintos sectores de la poblaci\u00f3n. Para garantizar su bienestar, los participantes realizar\u00e1n actividades adecuadas a su edad y condiciones f\u00edsicas, [&hellip;]<\/p>\n","protected":false},"author":7,"featured_media":93669,"comment_status":"open","ping_status":"open","sticky":false,"template":"","format":"standard","meta":{"om_disable_all_campaigns":false,"_monsterinsights_skip_tracking":false,"_monsterinsights_sitenote_active":false,"_monsterinsights_sitenote_note":"","_monsterinsights_sitenote_category":0,"jnews-multi-image_gallery":[],"jnews_single_post":{"format":"standard"},"jnews_primary_category":[],"footnotes":""},"categories":[1],"tags":[],"class_list":["post-93668","post","type-post","status-publish","format-standard","has-post-thumbnail","hentry","category-uncategorized"],"aioseo_notices":[],"_links":{"self":[{"href":"https:\/\/estado29.mx\/index.php?rest_route=\/wp\/v2\/posts\/93668","targetHints":{"allow":["GET"]}}],"collection":[{"href":"https:\/\/estado29.mx\/index.php?rest_route=\/wp\/v2\/posts"}],"about":[{"href":"https:\/\/estado29.mx\/index.php?rest_route=\/wp\/v2\/types\/post"}],"author":[{"embeddable":true,"href":"https:\/\/estado29.mx\/index.php?rest_route=\/wp\/v2\/users\/7"}],"replies":[{"embeddable":true,"href":"https:\/\/estado29.mx\/index.php?rest_route=%2Fwp%2Fv2%2Fcomments&post=93668"}],"version-history":[{"count":1,"href":"https:\/\/estado29.mx\/index.php?rest_route=\/wp\/v2\/posts\/93668\/revisions"}],"predecessor-version":[{"id":93673,"href":"https:\/\/estado29.mx\/index.php?rest_route=\/wp\/v2\/posts\/93668\/revisions\/93673"}],"wp:featuredmedia":[{"embeddable":true,"href":"https:\/\/estado29.mx\/index.php?rest_route=\/wp\/v2\/media\/93669"}],"wp:attachment":[{"href":"https:\/\/estado29.mx\/index.php?rest_route=%2Fwp%2Fv2%2Fmedia&parent=93668"}],"wp:term":[{"taxonomy":"category","embeddable":true,"href":"https:\/\/estado29.mx\/index.php?rest_route=%2Fwp%2Fv2%2Fcategories&post=93668"},{"taxonomy":"post_tag","embeddable":true,"href":"https:\/\/estado29.mx\/index.php?rest_route=%2Fwp%2Fv2%2Ftags&post=93668"}],"curies":[{"name":"wp","href":"https:\/\/api.w.org\/{rel}","templated":true}]}}