{"id":93674,"date":"2025-02-25T18:48:55","date_gmt":"2025-02-25T18:48:55","guid":{"rendered":"https:\/\/estado29.mx\/?p=93674"},"modified":"2025-02-25T18:50:47","modified_gmt":"2025-02-25T18:50:47","slug":"invita-jurisdiccion-sanitaria-ii-a-pobladores-de-huamantla-a-participar-en-jornada-de-salud-impulsando-la-prevencion","status":"publish","type":"post","link":"https:\/\/estado29.mx\/?p=93674","title":{"rendered":"Invita Jurisdicci\u00f3n Sanitaria II a pobladores de Huamantla a participar en Jornada de Salud \u201cImpulsando la Prevenci\u00f3n\u201d."},"content":{"rendered":"\n<p><br>Agust\u00edn V\u00e9lez P\u00e9rez, Jefe de Distrito en la Jurisdicci\u00f3n Sanitaria II Huamantla, refiri\u00f3 que como parte de las acciones que se impulsan, en coordinaci\u00f3n con el Sistema Municipal para el Desarrollo Integral de las Familias de Huamantla (SMDIF), el pr\u00f3ximo jueves 27 de febrero, se llevar\u00e1 a cabo la Jornada de Salud \u201cImpulsando la Prevenci\u00f3n\u201d, la cual tendr\u00e1 lugar frente a la presidencia municipal, de nueve de la ma\u00f1ana a dos de la tarde.<\/p>\n\n\n\n<figure class=\"wp-block-image size-large\"><img loading=\"lazy\" decoding=\"async\" width=\"782\" height=\"1024\" src=\"https:\/\/estado29.mx\/wp-content\/uploads\/2025\/02\/IMG-20250225-WA0001-782x1024.jpg\" alt=\"\" class=\"wp-image-93677\" srcset=\"https:\/\/estado29.mx\/wp-content\/uploads\/2025\/02\/IMG-20250225-WA0001-782x1024.jpg 782w, https:\/\/estado29.mx\/wp-content\/uploads\/2025\/02\/IMG-20250225-WA0001-229x300.jpg 229w, https:\/\/estado29.mx\/wp-content\/uploads\/2025\/02\/IMG-20250225-WA0001-768x1005.jpg 768w, https:\/\/estado29.mx\/wp-content\/uploads\/2025\/02\/IMG-20250225-WA0001-750x982.jpg 750w, https:\/\/estado29.mx\/wp-content\/uploads\/2025\/02\/IMG-20250225-WA0001-1140x1492.jpg 1140w, https:\/\/estado29.mx\/wp-content\/uploads\/2025\/02\/IMG-20250225-WA0001.jpg 1142w\" sizes=\"auto, (max-width: 782px) 100vw, 782px\" \/><\/figure>\n\n\n\n<p><br>El Jefe del Distrito II de la Jurisdicci\u00f3n Sanitaria, detall\u00f3 que los servicios que se estar\u00e1n ofreciendo de forma gratuita son:<br>Vacunaci\u00f3n para todas las edades, Detecci\u00f3n de C\u00e1ncer Cervicouterino y de Mama, as\u00ed como detecciones de Diabetes, Hipertensi\u00f3n, Obesidad, Consejer\u00eda de salud mental y Adicciones, atenciones preventivas de Salud Bucal, pruebas de VIH Sida, S\u00edfilis, M\u00e9todos de planificaci\u00f3n familiar y mucho m\u00e1s.<\/p>\n\n\n\n<p><br>Agust\u00edn V\u00e9lez P\u00e9rez destac\u00f3 la importancia de buscar atenci\u00f3n, as\u00ed como la detecci\u00f3n oportuna, ante cualquier padecimiento, para evitar poner en riesgo nuestro bienestar e incluso la vida.<\/p>\n\n\n<figure class=\"wp-block-post-featured-image\"><img loading=\"lazy\" decoding=\"async\" width=\"2560\" height=\"1450\" src=\"https:\/\/estado29.mx\/wp-content\/uploads\/2025\/02\/IMG_20250225_0927044-scaled.jpg\" class=\"attachment-post-thumbnail size-post-thumbnail wp-post-image\" alt=\"\" style=\"object-fit:cover;\" srcset=\"https:\/\/estado29.mx\/wp-content\/uploads\/2025\/02\/IMG_20250225_0927044-scaled.jpg 2560w, https:\/\/estado29.mx\/wp-content\/uploads\/2025\/02\/IMG_20250225_0927044-300x170.jpg 300w, https:\/\/estado29.mx\/wp-content\/uploads\/2025\/02\/IMG_20250225_0927044-1024x580.jpg 1024w, https:\/\/estado29.mx\/wp-content\/uploads\/2025\/02\/IMG_20250225_0927044-768x435.jpg 768w, https:\/\/estado29.mx\/wp-content\/uploads\/2025\/02\/IMG_20250225_0927044-1536x870.jpg 1536w, https:\/\/estado29.mx\/wp-content\/uploads\/2025\/02\/IMG_20250225_0927044-2048x1160.jpg 2048w, https:\/\/estado29.mx\/wp-content\/uploads\/2025\/02\/IMG_20250225_0927044-750x425.jpg 750w, https:\/\/estado29.mx\/wp-content\/uploads\/2025\/02\/IMG_20250225_0927044-1140x646.jpg 1140w\" sizes=\"auto, (max-width: 2560px) 100vw, 2560px\" \/><\/figure>","protected":false},"excerpt":{"rendered":"<p>Agust\u00edn V\u00e9lez P\u00e9rez, Jefe de Distrito en la Jurisdicci\u00f3n Sanitaria II Huamantla, refiri\u00f3 que como parte de las acciones que se impulsan, en coordinaci\u00f3n con el Sistema Municipal para el Desarrollo Integral de las Familias de Huamantla (SMDIF), el pr\u00f3ximo jueves 27 de febrero, se llevar\u00e1 a cabo la Jornada de Salud \u201cImpulsando la Prevenci\u00f3n\u201d, [&hellip;]<\/p>\n","protected":false},"author":7,"featured_media":93675,"comment_status":"open","ping_status":"open","sticky":false,"template":"","format":"standard","meta":{"om_disable_all_campaigns":false,"_monsterinsights_skip_tracking":false,"_monsterinsights_sitenote_active":false,"_monsterinsights_sitenote_note":"","_monsterinsights_sitenote_category":0,"jnews-multi-image_gallery":[],"jnews_single_post":{"format":"standard"},"jnews_primary_category":[],"footnotes":""},"categories":[1],"tags":[],"class_list":["post-93674","post","type-post","status-publish","format-standard","has-post-thumbnail","hentry","category-uncategorized"],"aioseo_notices":[],"_links":{"self":[{"href":"https:\/\/estado29.mx\/index.php?rest_route=\/wp\/v2\/posts\/93674","targetHints":{"allow":["GET"]}}],"collection":[{"href":"https:\/\/estado29.mx\/index.php?rest_route=\/wp\/v2\/posts"}],"about":[{"href":"https:\/\/estado29.mx\/index.php?rest_route=\/wp\/v2\/types\/post"}],"author":[{"embeddable":true,"href":"https:\/\/estado29.mx\/index.php?rest_route=\/wp\/v2\/users\/7"}],"replies":[{"embeddable":true,"href":"https:\/\/estado29.mx\/index.php?rest_route=%2Fwp%2Fv2%2Fcomments&post=93674"}],"version-history":[{"count":4,"href":"https:\/\/estado29.mx\/index.php?rest_route=\/wp\/v2\/posts\/93674\/revisions"}],"predecessor-version":[{"id":93681,"href":"https:\/\/estado29.mx\/index.php?rest_route=\/wp\/v2\/posts\/93674\/revisions\/93681"}],"wp:featuredmedia":[{"embeddable":true,"href":"https:\/\/estado29.mx\/index.php?rest_route=\/wp\/v2\/media\/93675"}],"wp:attachment":[{"href":"https:\/\/estado29.mx\/index.php?rest_route=%2Fwp%2Fv2%2Fmedia&parent=93674"}],"wp:term":[{"taxonomy":"category","embeddable":true,"href":"https:\/\/estado29.mx\/index.php?rest_route=%2Fwp%2Fv2%2Fcategories&post=93674"},{"taxonomy":"post_tag","embeddable":true,"href":"https:\/\/estado29.mx\/index.php?rest_route=%2Fwp%2Fv2%2Ftags&post=93674"}],"curies":[{"name":"wp","href":"https:\/\/api.w.org\/{rel}","templated":true}]}}