{"id":93684,"date":"2025-02-25T22:14:58","date_gmt":"2025-02-25T22:14:58","guid":{"rendered":"https:\/\/estado29.mx\/?p=93684"},"modified":"2025-02-25T22:14:58","modified_gmt":"2025-02-25T22:14:58","slug":"trabaja-direccion-de-seguridad-vialidad-y-transporte-de-tequexquitla-de-forma-conjunta-con-sector-educativo","status":"publish","type":"post","link":"https:\/\/estado29.mx\/?p=93684","title":{"rendered":"Trabaja Direcci\u00f3n de Seguridad Vialidad y Transporte de Tequexquitla de forma conjunta con Sector Educativo."},"content":{"rendered":"\n<p><\/p>\n\n\n\n<p>La Direcci\u00f3n de Seguridad P\u00fablica del Gobierno Municipal de El Carmen Tequexquitla, encabezada por el Comisario V\u00edctor Garc\u00eda Ch\u00e9ver, imparti\u00f3 una pl\u00e1tica sobre el bullying a los alumnos de Sexto grado de la Escuela Primaria Benito Ju\u00e1rez.<\/p>\n\n\n\n<figure class=\"wp-block-image size-full\"><img loading=\"lazy\" decoding=\"async\" width=\"720\" height=\"822\" src=\"https:\/\/estado29.mx\/wp-content\/uploads\/2025\/02\/FB_IMG_1740521568107.jpg\" alt=\"\" class=\"wp-image-93686\" srcset=\"https:\/\/estado29.mx\/wp-content\/uploads\/2025\/02\/FB_IMG_1740521568107.jpg 720w, https:\/\/estado29.mx\/wp-content\/uploads\/2025\/02\/FB_IMG_1740521568107-263x300.jpg 263w\" sizes=\"auto, (max-width: 720px) 100vw, 720px\" \/><\/figure>\n\n\n\n<p>El objetivo de esta pl\u00e1tica es crear conciencia en los alumnos, sobre la importancia de prevenir y erradicar el Bullying, tanto en el interior de las instituciones educativas, como en la sociedad.<\/p>\n\n\n<figure class=\"wp-block-post-featured-image\"><img loading=\"lazy\" decoding=\"async\" width=\"720\" height=\"707\" src=\"https:\/\/estado29.mx\/wp-content\/uploads\/2025\/02\/FB_IMG_1740521572564.jpg\" class=\"attachment-post-thumbnail size-post-thumbnail wp-post-image\" alt=\"\" style=\"object-fit:cover;\" srcset=\"https:\/\/estado29.mx\/wp-content\/uploads\/2025\/02\/FB_IMG_1740521572564.jpg 720w, https:\/\/estado29.mx\/wp-content\/uploads\/2025\/02\/FB_IMG_1740521572564-300x295.jpg 300w, https:\/\/estado29.mx\/wp-content\/uploads\/2025\/02\/FB_IMG_1740521572564-75x75.jpg 75w\" sizes=\"auto, (max-width: 720px) 100vw, 720px\" \/><\/figure>\n\n\n<p><br>La Direcci\u00f3n de Seguridad, en representaci\u00f3n de la Presidenta Municipal Mar\u00eda Araceli Mart\u00ednez Cort\u00e9s, agradeci\u00f3 a directivos de la instituci\u00f3n, por abrir sus puertas a esta iniciativa y a su vez, reafirmaron su compromiso con la creaci\u00f3n de entornos seguros y saludables para todos los sectores de la poblaci\u00f3n.<\/p>\n\n\n\n<p><\/p>\n","protected":false},"excerpt":{"rendered":"<p>La Direcci\u00f3n de Seguridad P\u00fablica del Gobierno Municipal de El Carmen Tequexquitla, encabezada por el Comisario V\u00edctor Garc\u00eda Ch\u00e9ver, imparti\u00f3 una pl\u00e1tica sobre el bullying a los alumnos de Sexto grado de la Escuela Primaria Benito Ju\u00e1rez. El objetivo de esta pl\u00e1tica es crear conciencia en los alumnos, sobre la importancia de prevenir y erradicar [&hellip;]<\/p>\n","protected":false},"author":7,"featured_media":93685,"comment_status":"open","ping_status":"open","sticky":false,"template":"","format":"standard","meta":{"om_disable_all_campaigns":false,"_monsterinsights_skip_tracking":false,"_monsterinsights_sitenote_active":false,"_monsterinsights_sitenote_note":"","_monsterinsights_sitenote_category":0,"jnews-multi-image_gallery":[],"jnews_single_post":{"format":"standard"},"jnews_primary_category":[],"footnotes":""},"categories":[1],"tags":[],"class_list":["post-93684","post","type-post","status-publish","format-standard","has-post-thumbnail","hentry","category-uncategorized"],"aioseo_notices":[],"_links":{"self":[{"href":"https:\/\/estado29.mx\/index.php?rest_route=\/wp\/v2\/posts\/93684","targetHints":{"allow":["GET"]}}],"collection":[{"href":"https:\/\/estado29.mx\/index.php?rest_route=\/wp\/v2\/posts"}],"about":[{"href":"https:\/\/estado29.mx\/index.php?rest_route=\/wp\/v2\/types\/post"}],"author":[{"embeddable":true,"href":"https:\/\/estado29.mx\/index.php?rest_route=\/wp\/v2\/users\/7"}],"replies":[{"embeddable":true,"href":"https:\/\/estado29.mx\/index.php?rest_route=%2Fwp%2Fv2%2Fcomments&post=93684"}],"version-history":[{"count":1,"href":"https:\/\/estado29.mx\/index.php?rest_route=\/wp\/v2\/posts\/93684\/revisions"}],"predecessor-version":[{"id":93687,"href":"https:\/\/estado29.mx\/index.php?rest_route=\/wp\/v2\/posts\/93684\/revisions\/93687"}],"wp:featuredmedia":[{"embeddable":true,"href":"https:\/\/estado29.mx\/index.php?rest_route=\/wp\/v2\/media\/93685"}],"wp:attachment":[{"href":"https:\/\/estado29.mx\/index.php?rest_route=%2Fwp%2Fv2%2Fmedia&parent=93684"}],"wp:term":[{"taxonomy":"category","embeddable":true,"href":"https:\/\/estado29.mx\/index.php?rest_route=%2Fwp%2Fv2%2Fcategories&post=93684"},{"taxonomy":"post_tag","embeddable":true,"href":"https:\/\/estado29.mx\/index.php?rest_route=%2Fwp%2Fv2%2Ftags&post=93684"}],"curies":[{"name":"wp","href":"https:\/\/api.w.org\/{rel}","templated":true}]}}