{"id":93692,"date":"2025-02-25T23:16:25","date_gmt":"2025-02-25T23:16:25","guid":{"rendered":"https:\/\/estado29.mx\/?p=93692"},"modified":"2025-02-25T23:17:37","modified_gmt":"2025-02-25T23:17:37","slug":"presidenta-claudia-sheinbaum-da-banderazo-a-la-estrategia-nacional-vive-saludable-vive-feliz","status":"publish","type":"post","link":"https:\/\/estado29.mx\/?p=93692","title":{"rendered":"Presidenta Claudia Sheinbaum da banderazo a la estrategia nacional &#8220;Vive saludable, Vive feliz&#8221;"},"content":{"rendered":"\n<figure class=\"wp-block-gallery has-nested-images columns-default is-cropped wp-block-gallery-1 is-layout-flex wp-block-gallery-is-layout-flex\">\n<figure class=\"wp-block-image size-large\"><img loading=\"lazy\" decoding=\"async\" width=\"1024\" height=\"681\" data-id=\"93693\" src=\"https:\/\/estado29.mx\/wp-content\/uploads\/2025\/02\/WhatsApp-Image-2025-02-25-at-4.15.23-PM-1024x681.jpeg\" alt=\"\" class=\"wp-image-93693\" srcset=\"https:\/\/estado29.mx\/wp-content\/uploads\/2025\/02\/WhatsApp-Image-2025-02-25-at-4.15.23-PM-1024x681.jpeg 1024w, https:\/\/estado29.mx\/wp-content\/uploads\/2025\/02\/WhatsApp-Image-2025-02-25-at-4.15.23-PM-300x200.jpeg 300w, https:\/\/estado29.mx\/wp-content\/uploads\/2025\/02\/WhatsApp-Image-2025-02-25-at-4.15.23-PM-768x511.jpeg 768w, https:\/\/estado29.mx\/wp-content\/uploads\/2025\/02\/WhatsApp-Image-2025-02-25-at-4.15.23-PM-1536x1021.jpeg 1536w, https:\/\/estado29.mx\/wp-content\/uploads\/2025\/02\/WhatsApp-Image-2025-02-25-at-4.15.23-PM-750x499.jpeg 750w, https:\/\/estado29.mx\/wp-content\/uploads\/2025\/02\/WhatsApp-Image-2025-02-25-at-4.15.23-PM-1140x758.jpeg 1140w, https:\/\/estado29.mx\/wp-content\/uploads\/2025\/02\/WhatsApp-Image-2025-02-25-at-4.15.23-PM.jpeg 1600w\" sizes=\"auto, (max-width: 1024px) 100vw, 1024px\" \/><\/figure>\n<\/figure>\n\n\n\n<ul class=\"wp-block-list\">\n<li>El 12 de marzo inicia un censo de salud en todas las escuelas primarias del pa\u00eds<\/li>\n\n\n\n<li>Participan 738 brigadas con personal del IMSS, SNDIF, Secretar\u00eda de Salud, con apoyo del sector privado<\/li>\n\n\n\n<li>Se har\u00e1 el despliegue de 3 mil 869 enfermeras y enfermeros quienes se encargarn de evaluar la salud visual y bucal de 11 millones 811 mil 612 ni\u00f1as y ni\u00f1os<\/li>\n\n\n\n<li>Participar\u00e1n empresarios y empresarias para que las y los ni\u00f1os puedan acceder a Centros de Salud privados, adem\u00e1s que har\u00e1n la entrega gratuita de lentes<\/li>\n<\/ul>\n\n\n\n<p>La Presidenta de M\u00e9xico, Claudia Sheinbaum Pardo, dio el banderazo de salida a la Estrategia Nacional Vive saludable, Vive feliz, a trav\u00e9s de la cual se atender\u00e1 la salud de 12 millones ni\u00f1os y ni\u00f1as que estudian en 90 mil 832 primarias p\u00fablicas del pa\u00eds y con la que se impulsar\u00e1 la cultura de la prevenci\u00f3n fomentando la alimentaci\u00f3n saludable, actividades f\u00edsicas y detecci\u00f3n oportuna de enfermedades visuales y bucales.<\/p>\n\n\n\n<p>\u201cEs un programa muy noble y que no queremos que se quede en el anuncio de hoy, sino realmente hacer de las escuelas espacios de salud, espacios donde no solamente se aprenda lo que establece la Nueva Escuela Mexicana sino que tambi\u00e9n se aprenda a vivir, a tener una vida feliz y saludable\u201d, se\u00f1al\u00f3.<\/p>\n\n\n\n<p>Destac\u00f3 que desde el Gobierno de M\u00e9xico se implementan acciones para velar por la salud de poblaciones vulnerables como es el caso de las y los ni\u00f1os a trav\u00e9s de Vive saludable, Vive feliz; as\u00ed como de las personas adultas mayores y con discapacidad con Salud Casa por Casa.<\/p>\n\n\n\n<p>\u201cHay una parte fundamental que es la prevenci\u00f3n de salud y ahora estamos con los dos grupos m\u00e1s vulnerables de la sociedad para atender la prevenci\u00f3n, una son los ni\u00f1os y la otra parte son adultos mayores y personas con discapacidad con el programa Salud Casa por Casa\u201d, agreg\u00f3.<\/p>\n\n\n\n<p>Adem\u00e1s agradeci\u00f3 a empresarias y empresarias que se sumar\u00e1n a los esfuerzos de esta estrategia para que las y los ni\u00f1os tengan acceso a Centros de Salud privados, adem\u00e1s de que har\u00e1n la entrega de lentes de manera gratuita.<\/p>\n\n\n\n<p><\/p>\n","protected":false},"excerpt":{"rendered":"<p>La Presidenta de M\u00e9xico, Claudia Sheinbaum Pardo, dio el banderazo de salida a la Estrategia Nacional Vive saludable, Vive feliz, a trav\u00e9s de la cual se atender\u00e1 la salud de 12 millones ni\u00f1os y ni\u00f1as que estudian en 90 mil 832 primarias p\u00fablicas del pa\u00eds y con la que se impulsar\u00e1 la cultura de la [&hellip;]<\/p>\n","protected":false},"author":4,"featured_media":0,"comment_status":"open","ping_status":"open","sticky":false,"template":"","format":"standard","meta":{"om_disable_all_campaigns":false,"_monsterinsights_skip_tracking":false,"_monsterinsights_sitenote_active":false,"_monsterinsights_sitenote_note":"","_monsterinsights_sitenote_category":0,"jnews-multi-image_gallery":[],"jnews_single_post":{"format":"standard"},"jnews_primary_category":[],"footnotes":""},"categories":[1],"tags":[],"class_list":["post-93692","post","type-post","status-publish","format-standard","hentry","category-uncategorized"],"aioseo_notices":[],"_links":{"self":[{"href":"https:\/\/estado29.mx\/index.php?rest_route=\/wp\/v2\/posts\/93692","targetHints":{"allow":["GET"]}}],"collection":[{"href":"https:\/\/estado29.mx\/index.php?rest_route=\/wp\/v2\/posts"}],"about":[{"href":"https:\/\/estado29.mx\/index.php?rest_route=\/wp\/v2\/types\/post"}],"author":[{"embeddable":true,"href":"https:\/\/estado29.mx\/index.php?rest_route=\/wp\/v2\/users\/4"}],"replies":[{"embeddable":true,"href":"https:\/\/estado29.mx\/index.php?rest_route=%2Fwp%2Fv2%2Fcomments&post=93692"}],"version-history":[{"count":2,"href":"https:\/\/estado29.mx\/index.php?rest_route=\/wp\/v2\/posts\/93692\/revisions"}],"predecessor-version":[{"id":93696,"href":"https:\/\/estado29.mx\/index.php?rest_route=\/wp\/v2\/posts\/93692\/revisions\/93696"}],"wp:attachment":[{"href":"https:\/\/estado29.mx\/index.php?rest_route=%2Fwp%2Fv2%2Fmedia&parent=93692"}],"wp:term":[{"taxonomy":"category","embeddable":true,"href":"https:\/\/estado29.mx\/index.php?rest_route=%2Fwp%2Fv2%2Fcategories&post=93692"},{"taxonomy":"post_tag","embeddable":true,"href":"https:\/\/estado29.mx\/index.php?rest_route=%2Fwp%2Fv2%2Ftags&post=93692"}],"curies":[{"name":"wp","href":"https:\/\/api.w.org\/{rel}","templated":true}]}}