{"id":93697,"date":"2025-02-26T03:05:03","date_gmt":"2025-02-26T03:05:03","guid":{"rendered":"https:\/\/estado29.mx\/?p=93697"},"modified":"2025-02-26T03:09:05","modified_gmt":"2025-02-26T03:09:05","slug":"invita-jurisdiccion-sanitaria-ii-en-coordinacion-con-clinica-biofilica-de-huamantla-a-campana-de-esterilizacion-canina-y-felina","status":"publish","type":"post","link":"https:\/\/estado29.mx\/?p=93697","title":{"rendered":"Invita Jurisdicci\u00f3n Sanitaria II en Coordinaci\u00f3n con SMDIF y Cl\u00ednica Biof\u00edlica de Huamantla a Campa\u00f1a de Esterilizaci\u00f3n Canina y Felina."},"content":{"rendered":"\n<p><\/p>\n\n\n\n<p>Como parte de las actividades de Jornada de Salud \u201cImpulsando la Prevenci\u00f3n\u201d, que se llevar\u00e1 a cabo este jueves 27 de febrero, se realizar\u00e1 una Jornada de Esterilizaci\u00f3n Canina y Felina, la cual tendr\u00e1 lugar en las instalaciones de la cl\u00ednica en menci\u00f3n, a un costado del Centro C\u00edvico, de nueve de la ma\u00f1ana a dos de la tarde.<\/p>\n\n\n\n<p><br>Agust\u00edn V\u00e9lez P\u00e9rez, Jefe de Distrito en la Jurisdicci\u00f3n Sanitaria II Huamantla, dijo que dichas acciones, se realizar\u00e1n de forma coordinada con El Sistema Municipal para el Desarrollo de las Familias, as\u00ed como la Cl\u00ednica Biof\u00edlica de Huamantla.<\/p>\n\n\n\n<p><br>Agust\u00edn V\u00e9lez P\u00e9rez, Jefe del Distrito en la Jurisdicci\u00f3n Sanitaria II Huamantla, refiri\u00f3 que las personas interesadas en esterilizar a sus mascotas, deber\u00e1n hacer un registro previo en SMDIF, Jurisdicci\u00f3n Sanitaria y la Cl\u00ednica Biof\u00edlica, para que puedan ser tomados en cuenta.<\/p>\n\n\n\n<p><br>Asimismo, hace la invitaci\u00f3n a los pobladores de este lugar a prevenir enfermedades, as\u00ed como a quienes ocupen alg\u00fan servicio de esta Jornada de Salud \u201cImpulsando la Prevenci\u00f3n\u201d, para que acudan este jueves 27 de febrero a solicitar atenci\u00f3n m\u00e9dica, frente a presidencia municipal, esta atenci\u00f3n es abierta a todos los rangos de edad, a partir de las nueve de la ma\u00f1ana a dos de la tarde.<\/p>\n\n\n<figure class=\"wp-block-post-featured-image\"><img loading=\"lazy\" decoding=\"async\" width=\"1142\" height=\"1495\" src=\"https:\/\/estado29.mx\/wp-content\/uploads\/2025\/02\/IMG-20250225-WA0001.jpg\" class=\"attachment-post-thumbnail size-post-thumbnail wp-post-image\" alt=\"\" style=\"object-fit:cover;\" srcset=\"https:\/\/estado29.mx\/wp-content\/uploads\/2025\/02\/IMG-20250225-WA0001.jpg 1142w, https:\/\/estado29.mx\/wp-content\/uploads\/2025\/02\/IMG-20250225-WA0001-229x300.jpg 229w, https:\/\/estado29.mx\/wp-content\/uploads\/2025\/02\/IMG-20250225-WA0001-782x1024.jpg 782w, https:\/\/estado29.mx\/wp-content\/uploads\/2025\/02\/IMG-20250225-WA0001-768x1005.jpg 768w, https:\/\/estado29.mx\/wp-content\/uploads\/2025\/02\/IMG-20250225-WA0001-750x982.jpg 750w, https:\/\/estado29.mx\/wp-content\/uploads\/2025\/02\/IMG-20250225-WA0001-1140x1492.jpg 1140w\" sizes=\"auto, (max-width: 1142px) 100vw, 1142px\" \/><\/figure>","protected":false},"excerpt":{"rendered":"<p>Como parte de las actividades de Jornada de Salud \u201cImpulsando la Prevenci\u00f3n\u201d, que se llevar\u00e1 a cabo este jueves 27 de febrero, se realizar\u00e1 una Jornada de Esterilizaci\u00f3n Canina y Felina, la cual tendr\u00e1 lugar en las instalaciones de la cl\u00ednica en menci\u00f3n, a un costado del Centro C\u00edvico, de nueve de la ma\u00f1ana a [&hellip;]<\/p>\n","protected":false},"author":7,"featured_media":93677,"comment_status":"open","ping_status":"open","sticky":false,"template":"","format":"standard","meta":{"om_disable_all_campaigns":false,"_monsterinsights_skip_tracking":false,"_monsterinsights_sitenote_active":false,"_monsterinsights_sitenote_note":"","_monsterinsights_sitenote_category":0,"jnews-multi-image_gallery":[],"jnews_single_post":{"format":"standard"},"jnews_primary_category":[],"footnotes":""},"categories":[1],"tags":[],"class_list":["post-93697","post","type-post","status-publish","format-standard","has-post-thumbnail","hentry","category-uncategorized"],"aioseo_notices":[],"_links":{"self":[{"href":"https:\/\/estado29.mx\/index.php?rest_route=\/wp\/v2\/posts\/93697","targetHints":{"allow":["GET"]}}],"collection":[{"href":"https:\/\/estado29.mx\/index.php?rest_route=\/wp\/v2\/posts"}],"about":[{"href":"https:\/\/estado29.mx\/index.php?rest_route=\/wp\/v2\/types\/post"}],"author":[{"embeddable":true,"href":"https:\/\/estado29.mx\/index.php?rest_route=\/wp\/v2\/users\/7"}],"replies":[{"embeddable":true,"href":"https:\/\/estado29.mx\/index.php?rest_route=%2Fwp%2Fv2%2Fcomments&post=93697"}],"version-history":[{"count":5,"href":"https:\/\/estado29.mx\/index.php?rest_route=\/wp\/v2\/posts\/93697\/revisions"}],"predecessor-version":[{"id":93704,"href":"https:\/\/estado29.mx\/index.php?rest_route=\/wp\/v2\/posts\/93697\/revisions\/93704"}],"wp:featuredmedia":[{"embeddable":true,"href":"https:\/\/estado29.mx\/index.php?rest_route=\/wp\/v2\/media\/93677"}],"wp:attachment":[{"href":"https:\/\/estado29.mx\/index.php?rest_route=%2Fwp%2Fv2%2Fmedia&parent=93697"}],"wp:term":[{"taxonomy":"category","embeddable":true,"href":"https:\/\/estado29.mx\/index.php?rest_route=%2Fwp%2Fv2%2Fcategories&post=93697"},{"taxonomy":"post_tag","embeddable":true,"href":"https:\/\/estado29.mx\/index.php?rest_route=%2Fwp%2Fv2%2Ftags&post=93697"}],"curies":[{"name":"wp","href":"https:\/\/api.w.org\/{rel}","templated":true}]}}