{"id":93709,"date":"2025-02-26T17:31:29","date_gmt":"2025-02-26T17:31:29","guid":{"rendered":"https:\/\/estado29.mx\/?p=93709"},"modified":"2025-02-26T17:31:29","modified_gmt":"2025-02-26T17:31:29","slug":"realizo-secretaria-de-bienestar-platica-sobre-el-impacto-de-los-implantes-cocleares-en-pacientes","status":"publish","type":"post","link":"https:\/\/estado29.mx\/?p=93709","title":{"rendered":"REALIZ\u00d3 SECRETAR\u00cdA DE BIENESTAR PL\u00c1TICA SOBRE EL IMPACTO DE LOS IMPLANTES COCLEARES EN PACIENTES"},"content":{"rendered":"<figure class=\"wp-block-post-featured-image\"><img loading=\"lazy\" decoding=\"async\" width=\"1600\" height=\"1043\" src=\"https:\/\/estado29.mx\/wp-content\/uploads\/2025\/02\/IMG-20250226-WA0012.jpg\" class=\"attachment-post-thumbnail size-post-thumbnail wp-post-image\" alt=\"\" style=\"object-fit:cover;\" srcset=\"https:\/\/estado29.mx\/wp-content\/uploads\/2025\/02\/IMG-20250226-WA0012.jpg 1600w, https:\/\/estado29.mx\/wp-content\/uploads\/2025\/02\/IMG-20250226-WA0012-300x196.jpg 300w, https:\/\/estado29.mx\/wp-content\/uploads\/2025\/02\/IMG-20250226-WA0012-1024x668.jpg 1024w, https:\/\/estado29.mx\/wp-content\/uploads\/2025\/02\/IMG-20250226-WA0012-768x501.jpg 768w, https:\/\/estado29.mx\/wp-content\/uploads\/2025\/02\/IMG-20250226-WA0012-1536x1001.jpg 1536w, https:\/\/estado29.mx\/wp-content\/uploads\/2025\/02\/IMG-20250226-WA0012-750x489.jpg 750w, https:\/\/estado29.mx\/wp-content\/uploads\/2025\/02\/IMG-20250226-WA0012-1140x743.jpg 1140w\" sizes=\"auto, (max-width: 1600px) 100vw, 1600px\" \/><\/figure>\n\n\n<p>La conmemoraci\u00f3n del Implante Coclear es una fecha que reconoce c\u00f3mo la tecnolog\u00eda puede cambiar vidas_En el marco del \u201cD\u00eda Internacional del Implante Coclear\u201d, que se conmemora este 25 de febrero, la Secretar\u00eda de Bienestar llev\u00f3 a cabo una pl\u00e1tica informativa a cargo de especialistas de la Secretar\u00eda de Salud (SESA), con el objetivo de sensibilizar a servidores p\u00fablicos sobre el impacto en la calidad de vida de pacientes que requieren de estos apoyos.<\/p>\n\n\n\n<p>Durante la charla, se especific\u00f3 que la conmemoraci\u00f3n del Implante Coclear es una fecha que reconoce c\u00f3mo la tecnolog\u00eda puede cambiar vidas, ya que gracias a estos aparatos muchas personas pueden recuperar la audici\u00f3n.<\/p>\n\n\n\n<p>Asimismo, se hizo un llamado para que todos los asistentes promuevan la inclusi\u00f3n de personas con discapacidad auditiva en sus \u00e1mbitos sociales y laborales, con la finalidad de contribuir a que este sector de la poblaci\u00f3n pueda desenvolverse plenamente en los diferentes aspectos de su vida.Como parte de esta pl\u00e1tica informativa se abordaron temas como: \u201c\u00bfQu\u00e9 es el implante coclear?\u201d, impartido por Dra. \u00c1frica Aguilar Bola\u00f1os, audi\u00f3loga del programa de Tamiz Auditivo Neonatal; \u201cCandidatura y seguimiento\u201d a cargo de las trabajadoras sociales Elizabeth Rodr\u00edguez Montes y Carmen P\u00e9rez, del Hospital de la Mujer.Adem\u00e1s, de \u201cAcompa\u00f1amiento a la familia para una buena toma de decisiones\u201d impartido por la psic\u00f3loga Mariana Nava Mart\u00ednez, jefa de Psicolog\u00eda del Hospital de la Mujer y la presentaci\u00f3n de casos de \u00e9xito por Edna Lucia Loyo Castillo.<\/p>\n\n\n\n<p>En una pl\u00e1tica participaron la direcci\u00f3n de Bienestar Integral, de los departamentos de Atenci\u00f3n Regional, Ciudadana, as\u00ed como del Comit\u00e9 Consultivo de Bienestar y de la Beneficencia P\u00fablica de Tlaxcala (APBPET), quienes son el primer contacto con personas que solicitan implantes cocleares, y el proceso para acceder a estos dispositivos.<\/p>\n","protected":false},"excerpt":{"rendered":"<p>La conmemoraci\u00f3n del Implante Coclear es una fecha que reconoce c\u00f3mo la tecnolog\u00eda puede cambiar vidas_En el marco del \u201cD\u00eda Internacional del Implante Coclear\u201d, que se conmemora este 25 de febrero, la Secretar\u00eda de Bienestar llev\u00f3 a cabo una pl\u00e1tica informativa a cargo de especialistas de la Secretar\u00eda de Salud (SESA), con el objetivo de [&hellip;]<\/p>\n","protected":false},"author":4,"featured_media":93710,"comment_status":"open","ping_status":"open","sticky":false,"template":"","format":"standard","meta":{"om_disable_all_campaigns":false,"_monsterinsights_skip_tracking":false,"_monsterinsights_sitenote_active":false,"_monsterinsights_sitenote_note":"","_monsterinsights_sitenote_category":0,"jnews-multi-image_gallery":[],"jnews_single_post":{"format":"standard"},"jnews_primary_category":[],"footnotes":""},"categories":[1],"tags":[],"class_list":["post-93709","post","type-post","status-publish","format-standard","has-post-thumbnail","hentry","category-uncategorized"],"aioseo_notices":[],"_links":{"self":[{"href":"https:\/\/estado29.mx\/index.php?rest_route=\/wp\/v2\/posts\/93709","targetHints":{"allow":["GET"]}}],"collection":[{"href":"https:\/\/estado29.mx\/index.php?rest_route=\/wp\/v2\/posts"}],"about":[{"href":"https:\/\/estado29.mx\/index.php?rest_route=\/wp\/v2\/types\/post"}],"author":[{"embeddable":true,"href":"https:\/\/estado29.mx\/index.php?rest_route=\/wp\/v2\/users\/4"}],"replies":[{"embeddable":true,"href":"https:\/\/estado29.mx\/index.php?rest_route=%2Fwp%2Fv2%2Fcomments&post=93709"}],"version-history":[{"count":1,"href":"https:\/\/estado29.mx\/index.php?rest_route=\/wp\/v2\/posts\/93709\/revisions"}],"predecessor-version":[{"id":93711,"href":"https:\/\/estado29.mx\/index.php?rest_route=\/wp\/v2\/posts\/93709\/revisions\/93711"}],"wp:featuredmedia":[{"embeddable":true,"href":"https:\/\/estado29.mx\/index.php?rest_route=\/wp\/v2\/media\/93710"}],"wp:attachment":[{"href":"https:\/\/estado29.mx\/index.php?rest_route=%2Fwp%2Fv2%2Fmedia&parent=93709"}],"wp:term":[{"taxonomy":"category","embeddable":true,"href":"https:\/\/estado29.mx\/index.php?rest_route=%2Fwp%2Fv2%2Fcategories&post=93709"},{"taxonomy":"post_tag","embeddable":true,"href":"https:\/\/estado29.mx\/index.php?rest_route=%2Fwp%2Fv2%2Ftags&post=93709"}],"curies":[{"name":"wp","href":"https:\/\/api.w.org\/{rel}","templated":true}]}}