{"id":93721,"date":"2025-02-26T17:50:56","date_gmt":"2025-02-26T17:50:56","guid":{"rendered":"https:\/\/estado29.mx\/?p=93721"},"modified":"2025-02-26T17:50:56","modified_gmt":"2025-02-26T17:50:56","slug":"la-presidenta-de-mexico-claudia-sheinbaum-pardo-presento-el-programa-nacional-de-infraestructura-carretera-2025-2030-que-busca-conectar-las-zonas-mas-pobres-del-pais-y-fortalecer-el-desarrollo-econ","status":"publish","type":"post","link":"https:\/\/estado29.mx\/?p=93721","title":{"rendered":"La presidenta de M\u00e9xico, Claudia Sheinbaum Pardo, present\u00f3 el Programa Nacional de Infraestructura Carretera 2025-2030, que busca conectar las zonas m\u00e1s pobres del pa\u00eds y fortalecer el desarrollo econ\u00f3mico"},"content":{"rendered":"<figure class=\"wp-block-post-featured-image\"><img loading=\"lazy\" decoding=\"async\" width=\"1600\" height=\"1066\" src=\"https:\/\/estado29.mx\/wp-content\/uploads\/2025\/02\/IMG-20250226-WA0053.jpg\" class=\"attachment-post-thumbnail size-post-thumbnail wp-post-image\" alt=\"\" style=\"object-fit:cover;\" srcset=\"https:\/\/estado29.mx\/wp-content\/uploads\/2025\/02\/IMG-20250226-WA0053.jpg 1600w, https:\/\/estado29.mx\/wp-content\/uploads\/2025\/02\/IMG-20250226-WA0053-300x200.jpg 300w, https:\/\/estado29.mx\/wp-content\/uploads\/2025\/02\/IMG-20250226-WA0053-1024x682.jpg 1024w, https:\/\/estado29.mx\/wp-content\/uploads\/2025\/02\/IMG-20250226-WA0053-768x512.jpg 768w, https:\/\/estado29.mx\/wp-content\/uploads\/2025\/02\/IMG-20250226-WA0053-1536x1023.jpg 1536w, https:\/\/estado29.mx\/wp-content\/uploads\/2025\/02\/IMG-20250226-WA0053-750x500.jpg 750w, https:\/\/estado29.mx\/wp-content\/uploads\/2025\/02\/IMG-20250226-WA0053-1140x760.jpg 1140w\" sizes=\"auto, (max-width: 1600px) 100vw, 1600px\" \/><\/figure>\n\n\n<p>El programa contempla la intervenci\u00f3n de 4 mil kil\u00f3metros de carreteras, con una inversi\u00f3n de 173 mil millones de pesos.El objetivo principal es mejorar la conectividad y atender las necesidades de las zonas m\u00e1s vulnerables, siguiendo el principio de &#8220;por el bien de todos, primero los pobres&#8221;. <\/p>\n\n\n\n<p>El secretario de Infraestructura, Comunicaciones y Transportes, Jes\u00fas Antonio Esteva Medina, destac\u00f3 que se realizar\u00e1n 126 kil\u00f3metros de obras de continuidad y cerca de 3 mil kil\u00f3metros de ejes prioritarios. <\/p>\n\n\n\n<p>Entre los proyectos destacados se encuentran:<\/p>\n\n\n\n<p>&#8211; *Programa Carretero Oaxaca*: se intervendr\u00e1n cerca de mil kil\u00f3metros con una inversi\u00f3n de 6 mil millones de pesos.<\/p>\n\n\n\n<p>&#8211; *Programa Carretero en Guerrero*: se realizar\u00e1 la reconstrucci\u00f3n de 63 puentes.<\/p>\n\n\n\n<p>&#8211; *Proyectos de inversi\u00f3n mixta*: se incluyen proyectos como C\u00f3rdoba-Orizaba, Cardel<\/p>\n\n\n\n<p>-La Tinaja y Ramal Puerto de Veracruz, entre otros.Adem\u00e1s, se contempla la adquisici\u00f3n de 20 trenes de repavimentaci\u00f3n para reducir costos y mejorar la eficiencia en la conservaci\u00f3n de carreteras.<\/p>\n","protected":false},"excerpt":{"rendered":"<p>El programa contempla la intervenci\u00f3n de 4 mil kil\u00f3metros de carreteras, con una inversi\u00f3n de 173 mil millones de pesos.El objetivo principal es mejorar la conectividad y atender las necesidades de las zonas m\u00e1s vulnerables, siguiendo el principio de &#8220;por el bien de todos, primero los pobres&#8221;. El secretario de Infraestructura, Comunicaciones y Transportes, Jes\u00fas [&hellip;]<\/p>\n","protected":false},"author":4,"featured_media":93722,"comment_status":"open","ping_status":"open","sticky":false,"template":"","format":"standard","meta":{"om_disable_all_campaigns":false,"_monsterinsights_skip_tracking":false,"_monsterinsights_sitenote_active":false,"_monsterinsights_sitenote_note":"","_monsterinsights_sitenote_category":0,"jnews-multi-image_gallery":[],"jnews_single_post":{"format":"standard"},"jnews_primary_category":[],"footnotes":""},"categories":[1],"tags":[],"class_list":["post-93721","post","type-post","status-publish","format-standard","has-post-thumbnail","hentry","category-uncategorized"],"aioseo_notices":[],"_links":{"self":[{"href":"https:\/\/estado29.mx\/index.php?rest_route=\/wp\/v2\/posts\/93721","targetHints":{"allow":["GET"]}}],"collection":[{"href":"https:\/\/estado29.mx\/index.php?rest_route=\/wp\/v2\/posts"}],"about":[{"href":"https:\/\/estado29.mx\/index.php?rest_route=\/wp\/v2\/types\/post"}],"author":[{"embeddable":true,"href":"https:\/\/estado29.mx\/index.php?rest_route=\/wp\/v2\/users\/4"}],"replies":[{"embeddable":true,"href":"https:\/\/estado29.mx\/index.php?rest_route=%2Fwp%2Fv2%2Fcomments&post=93721"}],"version-history":[{"count":1,"href":"https:\/\/estado29.mx\/index.php?rest_route=\/wp\/v2\/posts\/93721\/revisions"}],"predecessor-version":[{"id":93723,"href":"https:\/\/estado29.mx\/index.php?rest_route=\/wp\/v2\/posts\/93721\/revisions\/93723"}],"wp:featuredmedia":[{"embeddable":true,"href":"https:\/\/estado29.mx\/index.php?rest_route=\/wp\/v2\/media\/93722"}],"wp:attachment":[{"href":"https:\/\/estado29.mx\/index.php?rest_route=%2Fwp%2Fv2%2Fmedia&parent=93721"}],"wp:term":[{"taxonomy":"category","embeddable":true,"href":"https:\/\/estado29.mx\/index.php?rest_route=%2Fwp%2Fv2%2Fcategories&post=93721"},{"taxonomy":"post_tag","embeddable":true,"href":"https:\/\/estado29.mx\/index.php?rest_route=%2Fwp%2Fv2%2Ftags&post=93721"}],"curies":[{"name":"wp","href":"https:\/\/api.w.org\/{rel}","templated":true}]}}