{"id":93725,"date":"2025-02-26T19:52:45","date_gmt":"2025-02-26T19:52:45","guid":{"rendered":"https:\/\/estado29.mx\/?p=93725"},"modified":"2025-02-26T19:52:45","modified_gmt":"2025-02-26T19:52:45","slug":"llevan-a-cabo-ceremonia-de-premiacion-del-cuarto-concurso-artesanal-ixtenco-pueblo-magico-2025","status":"publish","type":"post","link":"https:\/\/estado29.mx\/?p=93725","title":{"rendered":"Llevan a Cabo Ceremonia de Premiaci\u00f3n del Cuarto Concurso Artesanal Ixtenco \u201cPueblo M\u00e1gico\u201d 2025."},"content":{"rendered":"\n<p><br>Hoy mi\u00e9rcoles 26 de febrero, se llev\u00f3 a cabo la Ceremonia de Premiaci\u00f3n del Cuarto Concurso Artesanal Ixtenco \u201cPueblo M\u00e1gico\u201d 2025, El evento tuvo lugar al interior de la Presidencia Municipal, en esta ocasi\u00f3n se entregaron premios a cuatro categor\u00edas que son:<\/p>\n\n\n\n<p><br>Elaboraci\u00f3n de cuadros con semillas, en la cual se entregaron cinco premios.<\/p>\n\n\n\n<figure class=\"wp-block-image size-large\"><img loading=\"lazy\" decoding=\"async\" width=\"1024\" height=\"768\" src=\"https:\/\/estado29.mx\/wp-content\/uploads\/2025\/02\/IMG_20250226_121528-min-1024x768.jpg\" alt=\"\" class=\"wp-image-93727\" srcset=\"https:\/\/estado29.mx\/wp-content\/uploads\/2025\/02\/IMG_20250226_121528-min-1024x768.jpg 1024w, https:\/\/estado29.mx\/wp-content\/uploads\/2025\/02\/IMG_20250226_121528-min-300x225.jpg 300w, https:\/\/estado29.mx\/wp-content\/uploads\/2025\/02\/IMG_20250226_121528-min-768x576.jpg 768w, https:\/\/estado29.mx\/wp-content\/uploads\/2025\/02\/IMG_20250226_121528-min-1536x1152.jpg 1536w, https:\/\/estado29.mx\/wp-content\/uploads\/2025\/02\/IMG_20250226_121528-min-2048x1536.jpg 2048w, https:\/\/estado29.mx\/wp-content\/uploads\/2025\/02\/IMG_20250226_121528-min-750x563.jpg 750w, https:\/\/estado29.mx\/wp-content\/uploads\/2025\/02\/IMG_20250226_121528-min-1140x855.jpg 1140w\" sizes=\"auto, (max-width: 1024px) 100vw, 1024px\" \/><\/figure>\n\n\n\n<p><br>En la Categor\u00eda de Ce\u00f1idores, se entregaron reconocimientos a cuatro artesanos.<\/p>\n\n\n\n<p><br>En la Categor\u00eda de Bordado en Chaquira, se reconoci\u00f3 el trabajo a los cinco primeros lugares.<\/p>\n\n\n\n<p><br>En lo correspondiente a la Categor\u00eda Bordado en Pepenado, se premi\u00f3 a los cinco primeros trabajo, contando de dos cuartos y dos quintos lugares.<\/p>\n\n\n\n<p><br>Asimismo, se tuvo el Galard\u00f3n Una Nueva Historia, fue para Gerardo Zirack Yonca L\u00f3pez.<\/p>\n\n\n\n<figure class=\"wp-block-image size-large\"><img loading=\"lazy\" decoding=\"async\" width=\"1024\" height=\"768\" src=\"https:\/\/estado29.mx\/wp-content\/uploads\/2025\/02\/IMG_20250226_122141-min-1024x768.jpg\" alt=\"\" class=\"wp-image-93728\" srcset=\"https:\/\/estado29.mx\/wp-content\/uploads\/2025\/02\/IMG_20250226_122141-min-1024x768.jpg 1024w, https:\/\/estado29.mx\/wp-content\/uploads\/2025\/02\/IMG_20250226_122141-min-300x225.jpg 300w, https:\/\/estado29.mx\/wp-content\/uploads\/2025\/02\/IMG_20250226_122141-min-768x576.jpg 768w, https:\/\/estado29.mx\/wp-content\/uploads\/2025\/02\/IMG_20250226_122141-min-1536x1152.jpg 1536w, https:\/\/estado29.mx\/wp-content\/uploads\/2025\/02\/IMG_20250226_122141-min-2048x1536.jpg 2048w, https:\/\/estado29.mx\/wp-content\/uploads\/2025\/02\/IMG_20250226_122141-min-750x563.jpg 750w, https:\/\/estado29.mx\/wp-content\/uploads\/2025\/02\/IMG_20250226_122141-min-1140x855.jpg 1140w\" sizes=\"auto, (max-width: 1024px) 100vw, 1024px\" \/><\/figure>\n\n\n\n<p><br>Sa\u00fal P\u00e9rez Bravo, Director de Casa de Artesan\u00edas, en su mensaje de bienvenida, detall\u00f3 que el estado aport\u00f3 para estas premiaciones, cien mil pesos, para un total de 21 artesanos reconocidos este d\u00eda, por su trabajo.<\/p>\n\n\n\n<p><br>Por su parte, Mariana Espinoza de los Monteros Cuellar, Presidenta del Sistema Estatal para el Desarrollo Integral de las Familias (SEDIF), destac\u00f3 la importancia que representan para los tlaxcaltecas, pues mantienen vivas, las costumbres, tradiciones y ra\u00edces, as\u00ed como nuestra identidad, mediantes sus bordados.<\/p>\n\n\n<figure class=\"wp-block-post-featured-image\"><img loading=\"lazy\" decoding=\"async\" width=\"2560\" height=\"1920\" src=\"https:\/\/estado29.mx\/wp-content\/uploads\/2025\/02\/IMG_20250226_121402-min-scaled.jpg\" class=\"attachment-post-thumbnail size-post-thumbnail wp-post-image\" alt=\"\" style=\"object-fit:cover;\" srcset=\"https:\/\/estado29.mx\/wp-content\/uploads\/2025\/02\/IMG_20250226_121402-min-scaled.jpg 2560w, https:\/\/estado29.mx\/wp-content\/uploads\/2025\/02\/IMG_20250226_121402-min-300x225.jpg 300w, https:\/\/estado29.mx\/wp-content\/uploads\/2025\/02\/IMG_20250226_121402-min-1024x768.jpg 1024w, https:\/\/estado29.mx\/wp-content\/uploads\/2025\/02\/IMG_20250226_121402-min-768x576.jpg 768w, https:\/\/estado29.mx\/wp-content\/uploads\/2025\/02\/IMG_20250226_121402-min-1536x1152.jpg 1536w, https:\/\/estado29.mx\/wp-content\/uploads\/2025\/02\/IMG_20250226_121402-min-2048x1536.jpg 2048w, https:\/\/estado29.mx\/wp-content\/uploads\/2025\/02\/IMG_20250226_121402-min-750x563.jpg 750w, https:\/\/estado29.mx\/wp-content\/uploads\/2025\/02\/IMG_20250226_121402-min-1140x855.jpg 1140w\" sizes=\"auto, (max-width: 2560px) 100vw, 2560px\" \/><\/figure>\n\n\n<p><br>Asimismo, la Presidenta Municipal de Ixtenco, Miriam Aline Lazo Caballero, en su mensaje, destac\u00f3 que estas premiaciones, son un reconocimiento al trabajo que caracteriza a los artesanos de este lugar, a quienes felicit\u00f3 por su ardua labor.<\/p>\n","protected":false},"excerpt":{"rendered":"<p>Hoy mi\u00e9rcoles 26 de febrero, se llev\u00f3 a cabo la Ceremonia de Premiaci\u00f3n del Cuarto Concurso Artesanal Ixtenco \u201cPueblo M\u00e1gico\u201d 2025, El evento tuvo lugar al interior de la Presidencia Municipal, en esta ocasi\u00f3n se entregaron premios a cuatro categor\u00edas que son: Elaboraci\u00f3n de cuadros con semillas, en la cual se entregaron cinco premios. En [&hellip;]<\/p>\n","protected":false},"author":7,"featured_media":93726,"comment_status":"open","ping_status":"open","sticky":false,"template":"","format":"standard","meta":{"om_disable_all_campaigns":false,"_monsterinsights_skip_tracking":false,"_monsterinsights_sitenote_active":false,"_monsterinsights_sitenote_note":"","_monsterinsights_sitenote_category":0,"jnews-multi-image_gallery":[],"jnews_single_post":{"format":"standard"},"jnews_primary_category":[],"footnotes":""},"categories":[1],"tags":[],"class_list":["post-93725","post","type-post","status-publish","format-standard","has-post-thumbnail","hentry","category-uncategorized"],"aioseo_notices":[],"_links":{"self":[{"href":"https:\/\/estado29.mx\/index.php?rest_route=\/wp\/v2\/posts\/93725","targetHints":{"allow":["GET"]}}],"collection":[{"href":"https:\/\/estado29.mx\/index.php?rest_route=\/wp\/v2\/posts"}],"about":[{"href":"https:\/\/estado29.mx\/index.php?rest_route=\/wp\/v2\/types\/post"}],"author":[{"embeddable":true,"href":"https:\/\/estado29.mx\/index.php?rest_route=\/wp\/v2\/users\/7"}],"replies":[{"embeddable":true,"href":"https:\/\/estado29.mx\/index.php?rest_route=%2Fwp%2Fv2%2Fcomments&post=93725"}],"version-history":[{"count":1,"href":"https:\/\/estado29.mx\/index.php?rest_route=\/wp\/v2\/posts\/93725\/revisions"}],"predecessor-version":[{"id":93730,"href":"https:\/\/estado29.mx\/index.php?rest_route=\/wp\/v2\/posts\/93725\/revisions\/93730"}],"wp:featuredmedia":[{"embeddable":true,"href":"https:\/\/estado29.mx\/index.php?rest_route=\/wp\/v2\/media\/93726"}],"wp:attachment":[{"href":"https:\/\/estado29.mx\/index.php?rest_route=%2Fwp%2Fv2%2Fmedia&parent=93725"}],"wp:term":[{"taxonomy":"category","embeddable":true,"href":"https:\/\/estado29.mx\/index.php?rest_route=%2Fwp%2Fv2%2Fcategories&post=93725"},{"taxonomy":"post_tag","embeddable":true,"href":"https:\/\/estado29.mx\/index.php?rest_route=%2Fwp%2Fv2%2Ftags&post=93725"}],"curies":[{"name":"wp","href":"https:\/\/api.w.org\/{rel}","templated":true}]}}