{"id":93735,"date":"2025-02-26T23:25:05","date_gmt":"2025-02-26T23:25:05","guid":{"rendered":"https:\/\/estado29.mx\/?p=93735"},"modified":"2025-02-26T23:25:06","modified_gmt":"2025-02-26T23:25:06","slug":"la-presidenta-de-mexico-claudia-sheinbaum-encabezo-la-ceremonia-por-el-112-aniversario-luctuoso-de-francisco-i-madero-en-el-patio-de-honor-de-palacio-nacional","status":"publish","type":"post","link":"https:\/\/estado29.mx\/?p=93735","title":{"rendered":"La presidenta de M\u00e9xico, Claudia  Sheinbaum, encabez\u00f3 la ceremonia por el 112 Aniversario Luctuoso de Francisco I. Madero en el Patio de Honor de Palacio Nacional."},"content":{"rendered":"<figure class=\"wp-block-post-featured-image\"><img loading=\"lazy\" decoding=\"async\" width=\"1600\" height=\"1066\" src=\"https:\/\/estado29.mx\/wp-content\/uploads\/2025\/02\/IMG-20250226-WA0085.jpg\" class=\"attachment-post-thumbnail size-post-thumbnail wp-post-image\" alt=\"\" style=\"object-fit:cover;\" srcset=\"https:\/\/estado29.mx\/wp-content\/uploads\/2025\/02\/IMG-20250226-WA0085.jpg 1600w, https:\/\/estado29.mx\/wp-content\/uploads\/2025\/02\/IMG-20250226-WA0085-300x200.jpg 300w, https:\/\/estado29.mx\/wp-content\/uploads\/2025\/02\/IMG-20250226-WA0085-1024x682.jpg 1024w, https:\/\/estado29.mx\/wp-content\/uploads\/2025\/02\/IMG-20250226-WA0085-768x512.jpg 768w, https:\/\/estado29.mx\/wp-content\/uploads\/2025\/02\/IMG-20250226-WA0085-1536x1023.jpg 1536w, https:\/\/estado29.mx\/wp-content\/uploads\/2025\/02\/IMG-20250226-WA0085-750x500.jpg 750w, https:\/\/estado29.mx\/wp-content\/uploads\/2025\/02\/IMG-20250226-WA0085-1140x760.jpg 1140w\" sizes=\"auto, (max-width: 1600px) 100vw, 1600px\" \/><\/figure>\n\n\n<p>La  En el acto, se record\u00f3 la vida y legado de Madero, considerado el fundador de la democracia mexicana.El director general del Instituto Nacional de Estudios Hist\u00f3ricos de las Revoluciones de M\u00e9xico (INEHRM), Felipe Arturo \u00c1vila Espinoza, destac\u00f3 que Madero fue un pol\u00edtico agudo, reflexivo y anal\u00edtico que entendi\u00f3 la necesidad de democracia, justicia y libertad en M\u00e9xico.Se resalt\u00f3 que el gobierno maderista dur\u00f3 15 meses y enfrent\u00f3 cuatro rebeliones, y que su legado es un ejemplo de democracia y confianza en las instituciones y las leyes. <\/p>\n\n\n\n<p>La ceremonia cont\u00f3 con la asistencia de la Jefa de Gobierno de la Ciudad de M\u00e9xico, Clara Brugada Molina, e integrantes del Gabinete Legal y Ampliado del Gobierno de M\u00e9xico.<\/p>\n\n\n\n<p><\/p>\n\n\n\n<p><\/p>\n\n\n\n<p><\/p>\n\n\n\n<p><\/p>\n","protected":false},"excerpt":{"rendered":"<p>La En el acto, se record\u00f3 la vida y legado de Madero, considerado el fundador de la democracia mexicana.El director general del Instituto Nacional de Estudios Hist\u00f3ricos de las Revoluciones de M\u00e9xico (INEHRM), Felipe Arturo \u00c1vila Espinoza, destac\u00f3 que Madero fue un pol\u00edtico agudo, reflexivo y anal\u00edtico que entendi\u00f3 la necesidad de democracia, justicia y [&hellip;]<\/p>\n","protected":false},"author":4,"featured_media":93736,"comment_status":"open","ping_status":"open","sticky":false,"template":"","format":"standard","meta":{"om_disable_all_campaigns":false,"_monsterinsights_skip_tracking":false,"_monsterinsights_sitenote_active":false,"_monsterinsights_sitenote_note":"","_monsterinsights_sitenote_category":0,"jnews-multi-image_gallery":[],"jnews_single_post":{"format":"standard"},"jnews_primary_category":[],"footnotes":""},"categories":[1],"tags":[],"class_list":["post-93735","post","type-post","status-publish","format-standard","has-post-thumbnail","hentry","category-uncategorized"],"aioseo_notices":[],"_links":{"self":[{"href":"https:\/\/estado29.mx\/index.php?rest_route=\/wp\/v2\/posts\/93735","targetHints":{"allow":["GET"]}}],"collection":[{"href":"https:\/\/estado29.mx\/index.php?rest_route=\/wp\/v2\/posts"}],"about":[{"href":"https:\/\/estado29.mx\/index.php?rest_route=\/wp\/v2\/types\/post"}],"author":[{"embeddable":true,"href":"https:\/\/estado29.mx\/index.php?rest_route=\/wp\/v2\/users\/4"}],"replies":[{"embeddable":true,"href":"https:\/\/estado29.mx\/index.php?rest_route=%2Fwp%2Fv2%2Fcomments&post=93735"}],"version-history":[{"count":1,"href":"https:\/\/estado29.mx\/index.php?rest_route=\/wp\/v2\/posts\/93735\/revisions"}],"predecessor-version":[{"id":93737,"href":"https:\/\/estado29.mx\/index.php?rest_route=\/wp\/v2\/posts\/93735\/revisions\/93737"}],"wp:featuredmedia":[{"embeddable":true,"href":"https:\/\/estado29.mx\/index.php?rest_route=\/wp\/v2\/media\/93736"}],"wp:attachment":[{"href":"https:\/\/estado29.mx\/index.php?rest_route=%2Fwp%2Fv2%2Fmedia&parent=93735"}],"wp:term":[{"taxonomy":"category","embeddable":true,"href":"https:\/\/estado29.mx\/index.php?rest_route=%2Fwp%2Fv2%2Fcategories&post=93735"},{"taxonomy":"post_tag","embeddable":true,"href":"https:\/\/estado29.mx\/index.php?rest_route=%2Fwp%2Fv2%2Ftags&post=93735"}],"curies":[{"name":"wp","href":"https:\/\/api.w.org\/{rel}","templated":true}]}}