{"id":93738,"date":"2025-02-27T06:17:02","date_gmt":"2025-02-27T06:17:02","guid":{"rendered":"https:\/\/estado29.mx\/?p=93738"},"modified":"2025-02-27T06:17:02","modified_gmt":"2025-02-27T06:17:02","slug":"accidente-en-tetla-deja-una-persona-sin-vida","status":"publish","type":"post","link":"https:\/\/estado29.mx\/?p=93738","title":{"rendered":"Accidente en Tetla deja una persona sin vida\u00a0"},"content":{"rendered":"\n<p>La noche de este mi\u00e9rcoles se registr\u00f3 un accidente automovil\u00edstico sobre la carretera Tetla &#8211; Ciudad Industrial Xicot\u00e9ncatl I, en donde se vio involucrado un veh\u00edculo compacto y una unidad del transporte p\u00fablico.&nbsp;<\/p>\n\n\n\n<p>Derivado de la colisi\u00f3n de ambas unidades de manera frontal dej\u00f3 un hombre sin vida, por lo que al arribar param\u00e9dicos s\u00f3lo confirmaron la carencia de signos vitales, siendo los elementos de seguridad los encargados de delimitar la zona en espera de las autoridades.&nbsp;<\/p>\n\n\n\n<p>En informaci\u00f3n preliminar se\u00f1ala que el exceso de velocidad y la poca visibilidad en la v\u00eda de comunicaci\u00f3n pudo haber sido una de las causantes.&nbsp;<\/p>\n\n\n\n<p>En tanto algunas personas fueron trasladadas a un nosocomio y otras atendidas en el lugar por crisis nerviosa, mientras que el Servicio M\u00e9dico Forense (SEMEFO) y la Fiscal\u00eda General de Justicia del Estado (FGJE) se encargaron de realizar los protocolos que marca la ley.&nbsp;<\/p>\n","protected":false},"excerpt":{"rendered":"<p>La noche de este mi\u00e9rcoles se registr\u00f3 un accidente automovil\u00edstico sobre la carretera Tetla &#8211; Ciudad Industrial Xicot\u00e9ncatl I, en donde se vio involucrado un veh\u00edculo compacto y una unidad del transporte p\u00fablico.&nbsp; Derivado de la colisi\u00f3n de ambas unidades de manera frontal dej\u00f3 un hombre sin vida, por lo que al arribar param\u00e9dicos s\u00f3lo [&hellip;]<\/p>\n","protected":false},"author":5,"featured_media":93739,"comment_status":"open","ping_status":"open","sticky":false,"template":"","format":"standard","meta":{"om_disable_all_campaigns":false,"_monsterinsights_skip_tracking":false,"_monsterinsights_sitenote_active":false,"_monsterinsights_sitenote_note":"","_monsterinsights_sitenote_category":0,"jnews-multi-image_gallery":[],"jnews_single_post":{"format":"standard"},"jnews_primary_category":[],"footnotes":""},"categories":[1],"tags":[],"class_list":["post-93738","post","type-post","status-publish","format-standard","has-post-thumbnail","hentry","category-uncategorized"],"aioseo_notices":[],"_links":{"self":[{"href":"https:\/\/estado29.mx\/index.php?rest_route=\/wp\/v2\/posts\/93738","targetHints":{"allow":["GET"]}}],"collection":[{"href":"https:\/\/estado29.mx\/index.php?rest_route=\/wp\/v2\/posts"}],"about":[{"href":"https:\/\/estado29.mx\/index.php?rest_route=\/wp\/v2\/types\/post"}],"author":[{"embeddable":true,"href":"https:\/\/estado29.mx\/index.php?rest_route=\/wp\/v2\/users\/5"}],"replies":[{"embeddable":true,"href":"https:\/\/estado29.mx\/index.php?rest_route=%2Fwp%2Fv2%2Fcomments&post=93738"}],"version-history":[{"count":1,"href":"https:\/\/estado29.mx\/index.php?rest_route=\/wp\/v2\/posts\/93738\/revisions"}],"predecessor-version":[{"id":93740,"href":"https:\/\/estado29.mx\/index.php?rest_route=\/wp\/v2\/posts\/93738\/revisions\/93740"}],"wp:featuredmedia":[{"embeddable":true,"href":"https:\/\/estado29.mx\/index.php?rest_route=\/wp\/v2\/media\/93739"}],"wp:attachment":[{"href":"https:\/\/estado29.mx\/index.php?rest_route=%2Fwp%2Fv2%2Fmedia&parent=93738"}],"wp:term":[{"taxonomy":"category","embeddable":true,"href":"https:\/\/estado29.mx\/index.php?rest_route=%2Fwp%2Fv2%2Fcategories&post=93738"},{"taxonomy":"post_tag","embeddable":true,"href":"https:\/\/estado29.mx\/index.php?rest_route=%2Fwp%2Fv2%2Ftags&post=93738"}],"curies":[{"name":"wp","href":"https:\/\/api.w.org\/{rel}","templated":true}]}}