{"id":93749,"date":"2025-02-27T16:02:01","date_gmt":"2025-02-27T16:02:01","guid":{"rendered":"https:\/\/estado29.mx\/?p=93749"},"modified":"2025-02-27T16:02:02","modified_gmt":"2025-02-27T16:02:02","slug":"concluye-obra-de-rehabilitacion-y-mejoras-en-la-presidencia-municipal-de-ixtenco","status":"publish","type":"post","link":"https:\/\/estado29.mx\/?p=93749","title":{"rendered":"Concluye obra de rehabilitaci\u00f3n y mejoras en la Presidencia Municipal de Ixtenco."},"content":{"rendered":"\n<p><br>La Presidenta Municipal de Ixtenco, Miriam Aline Lazo Caballero, anunci\u00f3 la conclusi\u00f3n de la rehabilitaci\u00f3n y mejoras en las instalaciones de la Presidencia Municipal, brindando espacios dignos y funcionales tanto para los trabajadores como para los ciudadanos.<\/p>\n\n\n\n<figure class=\"wp-block-image size-large\"><img loading=\"lazy\" decoding=\"async\" width=\"1024\" height=\"768\" src=\"https:\/\/estado29.mx\/wp-content\/uploads\/2025\/02\/IMG-20250226-WA0030-1024x768.jpg\" alt=\"\" class=\"wp-image-93751\" srcset=\"https:\/\/estado29.mx\/wp-content\/uploads\/2025\/02\/IMG-20250226-WA0030-1024x768.jpg 1024w, https:\/\/estado29.mx\/wp-content\/uploads\/2025\/02\/IMG-20250226-WA0030-300x225.jpg 300w, https:\/\/estado29.mx\/wp-content\/uploads\/2025\/02\/IMG-20250226-WA0030-768x576.jpg 768w, https:\/\/estado29.mx\/wp-content\/uploads\/2025\/02\/IMG-20250226-WA0030-750x563.jpg 750w, https:\/\/estado29.mx\/wp-content\/uploads\/2025\/02\/IMG-20250226-WA0030-1140x855.jpg 1140w, https:\/\/estado29.mx\/wp-content\/uploads\/2025\/02\/IMG-20250226-WA0030.jpg 1280w\" sizes=\"auto, (max-width: 1024px) 100vw, 1024px\" \/><\/figure>\n\n\n\n<p>La alcaldesa, agreg\u00f3 que este proyecto, fue realizado con una inversi\u00f3n de 345,088.46 pesos provenientes del Fondo de Participaciones e Incentivos Econ\u00f3micos, el cual tuvo como objetivo mejorar las condiciones de las instalaciones municipales, con especial \u00e9nfasis en la remodelaci\u00f3n de los ba\u00f1os p\u00fablicos, los cuales no hab\u00edan recibido mantenimiento en m\u00e1s de 15 a\u00f1os.<\/p>\n\n\n\n<figure class=\"wp-block-image size-large\"><img loading=\"lazy\" decoding=\"async\" width=\"1024\" height=\"768\" src=\"https:\/\/estado29.mx\/wp-content\/uploads\/2025\/02\/IMG-20250226-WA0019-1024x768.jpg\" alt=\"\" class=\"wp-image-93752\" srcset=\"https:\/\/estado29.mx\/wp-content\/uploads\/2025\/02\/IMG-20250226-WA0019-1024x768.jpg 1024w, https:\/\/estado29.mx\/wp-content\/uploads\/2025\/02\/IMG-20250226-WA0019-300x225.jpg 300w, https:\/\/estado29.mx\/wp-content\/uploads\/2025\/02\/IMG-20250226-WA0019-768x576.jpg 768w, https:\/\/estado29.mx\/wp-content\/uploads\/2025\/02\/IMG-20250226-WA0019-750x563.jpg 750w, https:\/\/estado29.mx\/wp-content\/uploads\/2025\/02\/IMG-20250226-WA0019-1140x855.jpg 1140w, https:\/\/estado29.mx\/wp-content\/uploads\/2025\/02\/IMG-20250226-WA0019.jpg 1280w\" sizes=\"auto, (max-width: 1024px) 100vw, 1024px\" \/><\/figure>\n\n\n\n<p>Pensando en la accesibilidad de todos los ciudadanos, especialmente de los adultos mayores, se instalaron rampas de acceso tanto para los sanitarios de hombres como de mujeres. <\/p>\n\n\n\n<figure class=\"wp-block-image size-large\"><img loading=\"lazy\" decoding=\"async\" width=\"1024\" height=\"768\" src=\"https:\/\/estado29.mx\/wp-content\/uploads\/2025\/02\/IMG-20250226-WA0016-1024x768.jpg\" alt=\"\" class=\"wp-image-93753\" srcset=\"https:\/\/estado29.mx\/wp-content\/uploads\/2025\/02\/IMG-20250226-WA0016-1024x768.jpg 1024w, https:\/\/estado29.mx\/wp-content\/uploads\/2025\/02\/IMG-20250226-WA0016-300x225.jpg 300w, https:\/\/estado29.mx\/wp-content\/uploads\/2025\/02\/IMG-20250226-WA0016-768x576.jpg 768w, https:\/\/estado29.mx\/wp-content\/uploads\/2025\/02\/IMG-20250226-WA0016-750x563.jpg 750w, https:\/\/estado29.mx\/wp-content\/uploads\/2025\/02\/IMG-20250226-WA0016-1140x855.jpg 1140w, https:\/\/estado29.mx\/wp-content\/uploads\/2025\/02\/IMG-20250226-WA0016.jpg 1280w\" sizes=\"auto, (max-width: 1024px) 100vw, 1024px\" \/><\/figure>\n\n\n\n<p>Esto responde a la necesidad de brindar mayor comodidad y seguridad a las personas de la tercera edad, quienes diariamente acuden al Auditorio Municipal para realizar activaci\u00f3n f\u00edsica y diversas actividades.<\/p>\n\n\n\n<figure class=\"wp-block-image size-large\"><img loading=\"lazy\" decoding=\"async\" width=\"1024\" height=\"768\" src=\"https:\/\/estado29.mx\/wp-content\/uploads\/2025\/02\/IMG-20250226-WA0018-1024x768.jpg\" alt=\"\" class=\"wp-image-93754\" srcset=\"https:\/\/estado29.mx\/wp-content\/uploads\/2025\/02\/IMG-20250226-WA0018-1024x768.jpg 1024w, https:\/\/estado29.mx\/wp-content\/uploads\/2025\/02\/IMG-20250226-WA0018-300x225.jpg 300w, https:\/\/estado29.mx\/wp-content\/uploads\/2025\/02\/IMG-20250226-WA0018-768x576.jpg 768w, https:\/\/estado29.mx\/wp-content\/uploads\/2025\/02\/IMG-20250226-WA0018-750x563.jpg 750w, https:\/\/estado29.mx\/wp-content\/uploads\/2025\/02\/IMG-20250226-WA0018-1140x855.jpg 1140w, https:\/\/estado29.mx\/wp-content\/uploads\/2025\/02\/IMG-20250226-WA0018.jpg 1280w\" sizes=\"auto, (max-width: 1024px) 100vw, 1024px\" \/><\/figure>\n\n\n\n<p>Al respecto, la edil Miriam Aline Lazo Caballero, destac\u00f3 la importancia de esta obra: &#8220;Los sanitarios de la Presidencia Municipal son de uso p\u00fablico, y nuestros ciudadanos merecen espacios limpios, funcionales y accesibles. Con estas mejoras, reafirmamos nuestro compromiso de ofrecer servicios municipales de calidad y garantizar la inclusi\u00f3n de todos los sectores de la poblaci\u00f3n\u201d.<\/p>\n\n\n\n<figure class=\"wp-block-image size-large\"><img loading=\"lazy\" decoding=\"async\" width=\"1024\" height=\"768\" src=\"https:\/\/estado29.mx\/wp-content\/uploads\/2025\/02\/IMG-20250226-WA0028-1024x768.jpg\" alt=\"\" class=\"wp-image-93755\" srcset=\"https:\/\/estado29.mx\/wp-content\/uploads\/2025\/02\/IMG-20250226-WA0028-1024x768.jpg 1024w, https:\/\/estado29.mx\/wp-content\/uploads\/2025\/02\/IMG-20250226-WA0028-300x225.jpg 300w, https:\/\/estado29.mx\/wp-content\/uploads\/2025\/02\/IMG-20250226-WA0028-768x576.jpg 768w, https:\/\/estado29.mx\/wp-content\/uploads\/2025\/02\/IMG-20250226-WA0028-750x563.jpg 750w, https:\/\/estado29.mx\/wp-content\/uploads\/2025\/02\/IMG-20250226-WA0028-1140x855.jpg 1140w, https:\/\/estado29.mx\/wp-content\/uploads\/2025\/02\/IMG-20250226-WA0028.jpg 1280w\" sizes=\"auto, (max-width: 1024px) 100vw, 1024px\" \/><\/figure>\n\n\n\n<p>Por su parte, el Director de Obras P\u00fablicas, Carlos Alberto S\u00e1nchez G\u00f3mez, se\u00f1al\u00f3 que con esta rehabilitaci\u00f3n, el Gobierno Municipal contin\u00faa impulsando la dignificaci\u00f3n de los espacios p\u00fablicos, mejorando la calidad de vida de los habitantes de Ixtenco y la percepci\u00f3n de los servicios municipales.<\/p>\n\n\n<figure class=\"wp-block-post-featured-image\"><img loading=\"lazy\" decoding=\"async\" width=\"1280\" height=\"720\" src=\"https:\/\/estado29.mx\/wp-content\/uploads\/2025\/02\/IMG-20250226-WA0027.jpg\" class=\"attachment-post-thumbnail size-post-thumbnail wp-post-image\" alt=\"\" style=\"object-fit:cover;\" srcset=\"https:\/\/estado29.mx\/wp-content\/uploads\/2025\/02\/IMG-20250226-WA0027.jpg 1280w, https:\/\/estado29.mx\/wp-content\/uploads\/2025\/02\/IMG-20250226-WA0027-300x169.jpg 300w, https:\/\/estado29.mx\/wp-content\/uploads\/2025\/02\/IMG-20250226-WA0027-1024x576.jpg 1024w, https:\/\/estado29.mx\/wp-content\/uploads\/2025\/02\/IMG-20250226-WA0027-768x432.jpg 768w, https:\/\/estado29.mx\/wp-content\/uploads\/2025\/02\/IMG-20250226-WA0027-750x422.jpg 750w, https:\/\/estado29.mx\/wp-content\/uploads\/2025\/02\/IMG-20250226-WA0027-1140x641.jpg 1140w\" sizes=\"auto, (max-width: 1280px) 100vw, 1280px\" \/><\/figure>\n\n\n<p>Con la finalizaci\u00f3n de estos trabajos, el Ayuntamiento reitera su compromiso con la mejora de la infraestructura municipal y agradece a la ciudadan\u00eda su comprensi\u00f3n durante el desarrollo de la obra.<\/p>\n","protected":false},"excerpt":{"rendered":"<p>La Presidenta Municipal de Ixtenco, Miriam Aline Lazo Caballero, anunci\u00f3 la conclusi\u00f3n de la rehabilitaci\u00f3n y mejoras en las instalaciones de la Presidencia Municipal, brindando espacios dignos y funcionales tanto para los trabajadores como para los ciudadanos. La alcaldesa, agreg\u00f3 que este proyecto, fue realizado con una inversi\u00f3n de 345,088.46 pesos provenientes del Fondo de [&hellip;]<\/p>\n","protected":false},"author":7,"featured_media":93750,"comment_status":"open","ping_status":"open","sticky":false,"template":"","format":"standard","meta":{"om_disable_all_campaigns":false,"_monsterinsights_skip_tracking":false,"_monsterinsights_sitenote_active":false,"_monsterinsights_sitenote_note":"","_monsterinsights_sitenote_category":0,"jnews-multi-image_gallery":[],"jnews_single_post":{"format":"standard"},"jnews_primary_category":[],"footnotes":""},"categories":[1],"tags":[],"class_list":["post-93749","post","type-post","status-publish","format-standard","has-post-thumbnail","hentry","category-uncategorized"],"aioseo_notices":[],"_links":{"self":[{"href":"https:\/\/estado29.mx\/index.php?rest_route=\/wp\/v2\/posts\/93749","targetHints":{"allow":["GET"]}}],"collection":[{"href":"https:\/\/estado29.mx\/index.php?rest_route=\/wp\/v2\/posts"}],"about":[{"href":"https:\/\/estado29.mx\/index.php?rest_route=\/wp\/v2\/types\/post"}],"author":[{"embeddable":true,"href":"https:\/\/estado29.mx\/index.php?rest_route=\/wp\/v2\/users\/7"}],"replies":[{"embeddable":true,"href":"https:\/\/estado29.mx\/index.php?rest_route=%2Fwp%2Fv2%2Fcomments&post=93749"}],"version-history":[{"count":1,"href":"https:\/\/estado29.mx\/index.php?rest_route=\/wp\/v2\/posts\/93749\/revisions"}],"predecessor-version":[{"id":93756,"href":"https:\/\/estado29.mx\/index.php?rest_route=\/wp\/v2\/posts\/93749\/revisions\/93756"}],"wp:featuredmedia":[{"embeddable":true,"href":"https:\/\/estado29.mx\/index.php?rest_route=\/wp\/v2\/media\/93750"}],"wp:attachment":[{"href":"https:\/\/estado29.mx\/index.php?rest_route=%2Fwp%2Fv2%2Fmedia&parent=93749"}],"wp:term":[{"taxonomy":"category","embeddable":true,"href":"https:\/\/estado29.mx\/index.php?rest_route=%2Fwp%2Fv2%2Fcategories&post=93749"},{"taxonomy":"post_tag","embeddable":true,"href":"https:\/\/estado29.mx\/index.php?rest_route=%2Fwp%2Fv2%2Ftags&post=93749"}],"curies":[{"name":"wp","href":"https:\/\/api.w.org\/{rel}","templated":true}]}}