{"id":93763,"date":"2025-02-27T16:06:38","date_gmt":"2025-02-27T16:06:38","guid":{"rendered":"https:\/\/estado29.mx\/?p=93763"},"modified":"2025-02-27T16:06:39","modified_gmt":"2025-02-27T16:06:39","slug":"entrega-alcaldesa-de-tequexquitla-patrulla-a-direccion-de-seguridad-municipal","status":"publish","type":"post","link":"https:\/\/estado29.mx\/?p=93763","title":{"rendered":"Entrega Alcaldesa de Tequexquitla Patrulla a Direcci\u00f3n de Seguridad Municipal."},"content":{"rendered":"\n<p><br>Este mi\u00e9rcoles 26 de febrero, la presidenta Municipal de El Carmen Tequexquitla, Mar\u00eda Araceli Mart\u00ednez Cort\u00e9s, acompa\u00f1ada de integrantes de su cabildo, hizo entrega de una patrulla a la Direcci\u00f3n de Seguridad, Vialidad y Transporte de este lugar.<\/p>\n\n\n\n<figure class=\"wp-block-image size-full\"><img loading=\"lazy\" decoding=\"async\" width=\"720\" height=\"540\" src=\"https:\/\/estado29.mx\/wp-content\/uploads\/2025\/02\/FB_IMG_1740591519797.jpg\" alt=\"\" class=\"wp-image-93765\" srcset=\"https:\/\/estado29.mx\/wp-content\/uploads\/2025\/02\/FB_IMG_1740591519797.jpg 720w, https:\/\/estado29.mx\/wp-content\/uploads\/2025\/02\/FB_IMG_1740591519797-300x225.jpg 300w\" sizes=\"auto, (max-width: 720px) 100vw, 720px\" \/><\/figure>\n\n\n\n<p><br>En su mensaje, la alcaldesa destac\u00f3 la importancia de brindar a esta corporaci\u00f3n, las herramientas necesarias para si equipamiento, funcionamiento y buena respuesta ante cualquier incidente.<\/p>\n\n\n\n<p><br>Asimismo, el Director de Seguridad Vialidad y Transporte, V\u00edctor Garc\u00eda Ch\u00e9ver, puntualiz\u00f3 que esta unidad, servir\u00e1 para reforzar y garantizar la seguridad a pobladores y visitantes.<\/p>\n\n\n\n<figure class=\"wp-block-image size-full\"><img loading=\"lazy\" decoding=\"async\" width=\"720\" height=\"540\" src=\"https:\/\/estado29.mx\/wp-content\/uploads\/2025\/02\/FB_IMG_1740591513234.jpg\" alt=\"\" class=\"wp-image-93766\" srcset=\"https:\/\/estado29.mx\/wp-content\/uploads\/2025\/02\/FB_IMG_1740591513234.jpg 720w, https:\/\/estado29.mx\/wp-content\/uploads\/2025\/02\/FB_IMG_1740591513234-300x225.jpg 300w\" sizes=\"auto, (max-width: 720px) 100vw, 720px\" \/><\/figure>\n\n\n\n<p><br>Para finalizar, la alcaldesa de Tequexquitla, puntualiz\u00f3 que mediantes estas acciones refrenda su compromiso, en reforzar y garantizar la seguridad a los pobladores.<\/p>\n\n\n<figure class=\"wp-block-post-featured-image\"><img loading=\"lazy\" decoding=\"async\" width=\"720\" height=\"540\" src=\"https:\/\/estado29.mx\/wp-content\/uploads\/2025\/02\/FB_IMG_1740591539866.jpg\" class=\"attachment-post-thumbnail size-post-thumbnail wp-post-image\" alt=\"\" style=\"object-fit:cover;\" srcset=\"https:\/\/estado29.mx\/wp-content\/uploads\/2025\/02\/FB_IMG_1740591539866.jpg 720w, https:\/\/estado29.mx\/wp-content\/uploads\/2025\/02\/FB_IMG_1740591539866-300x225.jpg 300w\" sizes=\"auto, (max-width: 720px) 100vw, 720px\" \/><\/figure>","protected":false},"excerpt":{"rendered":"<p>Este mi\u00e9rcoles 26 de febrero, la presidenta Municipal de El Carmen Tequexquitla, Mar\u00eda Araceli Mart\u00ednez Cort\u00e9s, acompa\u00f1ada de integrantes de su cabildo, hizo entrega de una patrulla a la Direcci\u00f3n de Seguridad, Vialidad y Transporte de este lugar. En su mensaje, la alcaldesa destac\u00f3 la importancia de brindar a esta corporaci\u00f3n, las herramientas necesarias para [&hellip;]<\/p>\n","protected":false},"author":7,"featured_media":93764,"comment_status":"open","ping_status":"open","sticky":false,"template":"","format":"standard","meta":{"om_disable_all_campaigns":false,"_monsterinsights_skip_tracking":false,"_monsterinsights_sitenote_active":false,"_monsterinsights_sitenote_note":"","_monsterinsights_sitenote_category":0,"jnews-multi-image_gallery":[],"jnews_single_post":{"format":"standard"},"jnews_primary_category":[],"footnotes":""},"categories":[1],"tags":[],"class_list":["post-93763","post","type-post","status-publish","format-standard","has-post-thumbnail","hentry","category-uncategorized"],"aioseo_notices":[],"_links":{"self":[{"href":"https:\/\/estado29.mx\/index.php?rest_route=\/wp\/v2\/posts\/93763","targetHints":{"allow":["GET"]}}],"collection":[{"href":"https:\/\/estado29.mx\/index.php?rest_route=\/wp\/v2\/posts"}],"about":[{"href":"https:\/\/estado29.mx\/index.php?rest_route=\/wp\/v2\/types\/post"}],"author":[{"embeddable":true,"href":"https:\/\/estado29.mx\/index.php?rest_route=\/wp\/v2\/users\/7"}],"replies":[{"embeddable":true,"href":"https:\/\/estado29.mx\/index.php?rest_route=%2Fwp%2Fv2%2Fcomments&post=93763"}],"version-history":[{"count":1,"href":"https:\/\/estado29.mx\/index.php?rest_route=\/wp\/v2\/posts\/93763\/revisions"}],"predecessor-version":[{"id":93767,"href":"https:\/\/estado29.mx\/index.php?rest_route=\/wp\/v2\/posts\/93763\/revisions\/93767"}],"wp:featuredmedia":[{"embeddable":true,"href":"https:\/\/estado29.mx\/index.php?rest_route=\/wp\/v2\/media\/93764"}],"wp:attachment":[{"href":"https:\/\/estado29.mx\/index.php?rest_route=%2Fwp%2Fv2%2Fmedia&parent=93763"}],"wp:term":[{"taxonomy":"category","embeddable":true,"href":"https:\/\/estado29.mx\/index.php?rest_route=%2Fwp%2Fv2%2Fcategories&post=93763"},{"taxonomy":"post_tag","embeddable":true,"href":"https:\/\/estado29.mx\/index.php?rest_route=%2Fwp%2Fv2%2Ftags&post=93763"}],"curies":[{"name":"wp","href":"https:\/\/api.w.org\/{rel}","templated":true}]}}