{"id":93773,"date":"2025-02-27T18:52:27","date_gmt":"2025-02-27T18:52:27","guid":{"rendered":"https:\/\/estado29.mx\/?p=93773"},"modified":"2025-02-27T18:52:27","modified_gmt":"2025-02-27T18:52:27","slug":"jornada-de-salud-impulsando-la-prevencion-en-huamantla","status":"publish","type":"post","link":"https:\/\/estado29.mx\/?p=93773","title":{"rendered":"Jornada de Salud &#8220;Impulsando la Prevenci\u00f3n&#8221; en Huamantla"},"content":{"rendered":"<figure class=\"wp-block-post-featured-image\"><img loading=\"lazy\" decoding=\"async\" width=\"1080\" height=\"758\" src=\"https:\/\/estado29.mx\/wp-content\/uploads\/2025\/02\/Screenshot_2025-02-27-12-52-06-10_99c04817c0de5652397fc8b56c3b3817.jpg\" class=\"attachment-post-thumbnail size-post-thumbnail wp-post-image\" alt=\"\" style=\"object-fit:cover;\" srcset=\"https:\/\/estado29.mx\/wp-content\/uploads\/2025\/02\/Screenshot_2025-02-27-12-52-06-10_99c04817c0de5652397fc8b56c3b3817.jpg 1080w, https:\/\/estado29.mx\/wp-content\/uploads\/2025\/02\/Screenshot_2025-02-27-12-52-06-10_99c04817c0de5652397fc8b56c3b3817-300x211.jpg 300w, https:\/\/estado29.mx\/wp-content\/uploads\/2025\/02\/Screenshot_2025-02-27-12-52-06-10_99c04817c0de5652397fc8b56c3b3817-1024x719.jpg 1024w, https:\/\/estado29.mx\/wp-content\/uploads\/2025\/02\/Screenshot_2025-02-27-12-52-06-10_99c04817c0de5652397fc8b56c3b3817-768x539.jpg 768w, https:\/\/estado29.mx\/wp-content\/uploads\/2025\/02\/Screenshot_2025-02-27-12-52-06-10_99c04817c0de5652397fc8b56c3b3817-750x526.jpg 750w\" sizes=\"auto, (max-width: 1080px) 100vw, 1080px\" \/><\/figure>\n\n\n<p>Este jueves se llev\u00f3 a cabo la Jornada de Salud &#8220;Impulsando la Prevenci\u00f3n&#8221; en Huamantla, con la participaci\u00f3n de autoridades locales y estatales, as\u00ed como de estudiantes de nivel medio b\u00e1sico.<\/p>\n\n\n\n<p>Con la participaci\u00f3n de Ma. Del Roc\u00edo Hern\u00e1ndez Castillo, Presidenta Honorifica del Sistema DIF Huamantla, en representaci\u00f3n del Presidente Salvador Santos Cedillo, Hugo Ceris Galicia Director de Atenci\u00f3n Primaria a la salud de la secretaria de salud y OPD salud de Tlaxcala, Guadalupe Salazar Corona, encargada de la jefatura de la jurisdicci\u00f3n sanitaria II de Huamantla, a Dr. Agust\u00edn V\u00e9lez P\u00e9rez Representante del Centro de Salud para el Bienestar II Huamantla y la asistencia de la Esc. Sec. Justo Sierra y la Esc. Sec. Mois\u00e9s S\u00e1enz.<\/p>\n\n\n\n<p>La Presidenta Honorifica del Sistema DIF Huamantla, Ma. Del Roc\u00edo Hern\u00e1ndez Castillo, represent\u00f3 al Presidente Municipal Salvador Santos Cedillo y destac\u00f3 la importancia de estas jornadas para la poblaci\u00f3n, especialmente para los j\u00f3venes.<\/p>\n\n\n\n<p>Finalmente el Director de Atenci\u00f3n Primaria a la Salud de la Secretar\u00eda de Salud de Tlaxcala, Hugo Ceris Galicia, expres\u00f3 su satisfacci\u00f3n por la asistencia de alumnos de nivel medio b\u00e1sico y destac\u00f3 la importancia de la orientaci\u00f3n y consejer\u00eda en materia de salud.Durante la jornada, se ofrecieron servicios de salud, incluyendo:<\/p>\n\n\n\n<p>&#8211; M\u00f3dulo de vacunaci\u00f3n: esquemas b\u00e1sicos de 0 a 9 a\u00f1os, incluyendo vacunas contra rotavirus, t\u00e9tanos, influenza, hepatitis A y neumococo.<\/p>\n\n\n\n<p>&#8211; Pruebas de perfil de l\u00edpido y Papanicolaou.- Informaci\u00f3n sobre m\u00e9todos de planificaci\u00f3n familiar disponibles en la jurisdicci\u00f3n sanitaria.<\/p>\n\n\n\n<p>Los asistentes a la jornada expresaron su satisfacci\u00f3n y agradecimiento por la oportunidad de acceder a estos servicios y recibir informaci\u00f3n valiosa sobre su salud.<\/p>\n\n\n\n<p>La Jornada de Salud &#8220;Impulsando la Prevenci\u00f3n&#8221; es parte de las acciones que se llevan a cabo para promover la salud y el bienestar en la comunidad de Huamantla.<\/p>\n","protected":false},"excerpt":{"rendered":"<p>Este jueves se llev\u00f3 a cabo la Jornada de Salud &#8220;Impulsando la Prevenci\u00f3n&#8221; en Huamantla, con la participaci\u00f3n de autoridades locales y estatales, as\u00ed como de estudiantes de nivel medio b\u00e1sico. Con la participaci\u00f3n de Ma. Del Roc\u00edo Hern\u00e1ndez Castillo, Presidenta Honorifica del Sistema DIF Huamantla, en representaci\u00f3n del Presidente Salvador Santos Cedillo, Hugo Ceris [&hellip;]<\/p>\n","protected":false},"author":4,"featured_media":93774,"comment_status":"open","ping_status":"open","sticky":false,"template":"","format":"standard","meta":{"om_disable_all_campaigns":false,"_monsterinsights_skip_tracking":false,"_monsterinsights_sitenote_active":false,"_monsterinsights_sitenote_note":"","_monsterinsights_sitenote_category":0,"jnews-multi-image_gallery":[],"jnews_single_post":{"format":"standard"},"jnews_primary_category":[],"footnotes":""},"categories":[1],"tags":[],"class_list":["post-93773","post","type-post","status-publish","format-standard","has-post-thumbnail","hentry","category-uncategorized"],"aioseo_notices":[],"_links":{"self":[{"href":"https:\/\/estado29.mx\/index.php?rest_route=\/wp\/v2\/posts\/93773","targetHints":{"allow":["GET"]}}],"collection":[{"href":"https:\/\/estado29.mx\/index.php?rest_route=\/wp\/v2\/posts"}],"about":[{"href":"https:\/\/estado29.mx\/index.php?rest_route=\/wp\/v2\/types\/post"}],"author":[{"embeddable":true,"href":"https:\/\/estado29.mx\/index.php?rest_route=\/wp\/v2\/users\/4"}],"replies":[{"embeddable":true,"href":"https:\/\/estado29.mx\/index.php?rest_route=%2Fwp%2Fv2%2Fcomments&post=93773"}],"version-history":[{"count":1,"href":"https:\/\/estado29.mx\/index.php?rest_route=\/wp\/v2\/posts\/93773\/revisions"}],"predecessor-version":[{"id":93775,"href":"https:\/\/estado29.mx\/index.php?rest_route=\/wp\/v2\/posts\/93773\/revisions\/93775"}],"wp:featuredmedia":[{"embeddable":true,"href":"https:\/\/estado29.mx\/index.php?rest_route=\/wp\/v2\/media\/93774"}],"wp:attachment":[{"href":"https:\/\/estado29.mx\/index.php?rest_route=%2Fwp%2Fv2%2Fmedia&parent=93773"}],"wp:term":[{"taxonomy":"category","embeddable":true,"href":"https:\/\/estado29.mx\/index.php?rest_route=%2Fwp%2Fv2%2Fcategories&post=93773"},{"taxonomy":"post_tag","embeddable":true,"href":"https:\/\/estado29.mx\/index.php?rest_route=%2Fwp%2Fv2%2Ftags&post=93773"}],"curies":[{"name":"wp","href":"https:\/\/api.w.org\/{rel}","templated":true}]}}