{"id":93776,"date":"2025-02-27T19:48:59","date_gmt":"2025-02-27T19:48:59","guid":{"rendered":"https:\/\/estado29.mx\/?p=93776"},"modified":"2025-02-27T19:49:00","modified_gmt":"2025-02-27T19:49:00","slug":"se-lleva-a-cabo-feria-universitaria-en-centro-civico-de-huamantla-organizada-por-utt","status":"publish","type":"post","link":"https:\/\/estado29.mx\/?p=93776","title":{"rendered":"Se lleva a cabo Feria Universitaria en Centro C\u00edvico de Huamantla organizada por UTT."},"content":{"rendered":"\n<p><br>Este jueves 27 de febrero, se llev\u00f3 a cabo la Feria Universitaria, organizada por la Universidad Tecnol\u00f3gica de Tlaxcala (UTT), en el municipio de Huamantla, en el que se esperaba la llegada de al menos 200 alumnos de nivel medio superior de diversas instituciones educativas del lugar, en un horario de diez de la ma\u00f1ana a dos de la tarde.<\/p>\n\n\n\n<figure class=\"wp-block-image size-large\"><img loading=\"lazy\" decoding=\"async\" width=\"1024\" height=\"768\" src=\"https:\/\/estado29.mx\/wp-content\/uploads\/2025\/02\/IMG_20250227_105710-min-1024x768.jpg\" alt=\"\" class=\"wp-image-93778\" srcset=\"https:\/\/estado29.mx\/wp-content\/uploads\/2025\/02\/IMG_20250227_105710-min-1024x768.jpg 1024w, https:\/\/estado29.mx\/wp-content\/uploads\/2025\/02\/IMG_20250227_105710-min-300x225.jpg 300w, https:\/\/estado29.mx\/wp-content\/uploads\/2025\/02\/IMG_20250227_105710-min-768x576.jpg 768w, https:\/\/estado29.mx\/wp-content\/uploads\/2025\/02\/IMG_20250227_105710-min-1536x1152.jpg 1536w, https:\/\/estado29.mx\/wp-content\/uploads\/2025\/02\/IMG_20250227_105710-min-2048x1536.jpg 2048w, https:\/\/estado29.mx\/wp-content\/uploads\/2025\/02\/IMG_20250227_105710-min-750x563.jpg 750w, https:\/\/estado29.mx\/wp-content\/uploads\/2025\/02\/IMG_20250227_105710-min-1140x855.jpg 1140w\" sizes=\"auto, (max-width: 1024px) 100vw, 1024px\" \/><\/figure>\n\n\n\n<p><br>Este evento, tuvo lugar en las instalaciones del Centro C\u00edvico, la Presidenta del Sistema Municipal para el Desarrollo Integral de la Familia (SMDIF), Mar\u00eda del Roc\u00edo Hern\u00e1ndez Castillo, en representaci\u00f3n del Presidente Juan Salvador Santos Cedillo, en su mensaje de bienvenida, resalt\u00f3 la importancia de llevar a cabo estas actividades, pues mediante \u00e9stas, los alumnos de nivel medio superior conocen la oferta educativa, as\u00ed como los alcances de las universidades.<\/p>\n\n\n\n<figure class=\"wp-block-image size-large\"><img loading=\"lazy\" decoding=\"async\" width=\"1024\" height=\"768\" src=\"https:\/\/estado29.mx\/wp-content\/uploads\/2025\/02\/IMG_20250227_105640-min-1024x768.jpg\" alt=\"\" class=\"wp-image-93780\" srcset=\"https:\/\/estado29.mx\/wp-content\/uploads\/2025\/02\/IMG_20250227_105640-min-1024x768.jpg 1024w, https:\/\/estado29.mx\/wp-content\/uploads\/2025\/02\/IMG_20250227_105640-min-300x225.jpg 300w, https:\/\/estado29.mx\/wp-content\/uploads\/2025\/02\/IMG_20250227_105640-min-768x576.jpg 768w, https:\/\/estado29.mx\/wp-content\/uploads\/2025\/02\/IMG_20250227_105640-min-1536x1152.jpg 1536w, https:\/\/estado29.mx\/wp-content\/uploads\/2025\/02\/IMG_20250227_105640-min-2048x1536.jpg 2048w, https:\/\/estado29.mx\/wp-content\/uploads\/2025\/02\/IMG_20250227_105640-min-750x563.jpg 750w, https:\/\/estado29.mx\/wp-content\/uploads\/2025\/02\/IMG_20250227_105640-min-1140x855.jpg 1140w\" sizes=\"auto, (max-width: 1024px) 100vw, 1024px\" \/><\/figure>\n\n\n\n<p><br>Por su parte, Victorino Vergara Castillo, Director Acad\u00e9mico de la Universidad Tecnol\u00f3gica de Tlaxcala, en representaci\u00f3n de Rector institucional, Lenin Calva P\u00e9rez, dijo que el objetivo de la feria realizada este d\u00eda tiene como objetivo mostrar a los alumnos, los diversos proyectos que se han realizado desde el punto de vista cient\u00edfico y tecnol\u00f3gico.<\/p>\n\n\n<figure class=\"wp-block-post-featured-image\"><img loading=\"lazy\" decoding=\"async\" width=\"2560\" height=\"1920\" src=\"https:\/\/estado29.mx\/wp-content\/uploads\/2025\/02\/IMG_20250227_110913-min-scaled.jpg\" class=\"attachment-post-thumbnail size-post-thumbnail wp-post-image\" alt=\"\" style=\"object-fit:cover;\" srcset=\"https:\/\/estado29.mx\/wp-content\/uploads\/2025\/02\/IMG_20250227_110913-min-scaled.jpg 2560w, https:\/\/estado29.mx\/wp-content\/uploads\/2025\/02\/IMG_20250227_110913-min-300x225.jpg 300w, https:\/\/estado29.mx\/wp-content\/uploads\/2025\/02\/IMG_20250227_110913-min-1024x768.jpg 1024w, https:\/\/estado29.mx\/wp-content\/uploads\/2025\/02\/IMG_20250227_110913-min-768x576.jpg 768w, https:\/\/estado29.mx\/wp-content\/uploads\/2025\/02\/IMG_20250227_110913-min-1536x1152.jpg 1536w, https:\/\/estado29.mx\/wp-content\/uploads\/2025\/02\/IMG_20250227_110913-min-2048x1536.jpg 2048w, https:\/\/estado29.mx\/wp-content\/uploads\/2025\/02\/IMG_20250227_110913-min-750x563.jpg 750w, https:\/\/estado29.mx\/wp-content\/uploads\/2025\/02\/IMG_20250227_110913-min-1140x855.jpg 1140w\" sizes=\"auto, (max-width: 2560px) 100vw, 2560px\" \/><\/figure>\n\n\n<p><br>Para finalizar el evento, las autoridades que integraron el pres\u00eddium realizaron un recorrido por los diversos stands en donde se les iba explicando de manera detallada los trabajos que se han realizado a trav\u00e9s de las generaciones.<\/p>\n","protected":false},"excerpt":{"rendered":"<p>Este jueves 27 de febrero, se llev\u00f3 a cabo la Feria Universitaria, organizada por la Universidad Tecnol\u00f3gica de Tlaxcala (UTT), en el municipio de Huamantla, en el que se esperaba la llegada de al menos 200 alumnos de nivel medio superior de diversas instituciones educativas del lugar, en un horario de diez de la ma\u00f1ana [&hellip;]<\/p>\n","protected":false},"author":7,"featured_media":93777,"comment_status":"open","ping_status":"open","sticky":false,"template":"","format":"standard","meta":{"om_disable_all_campaigns":false,"_monsterinsights_skip_tracking":false,"_monsterinsights_sitenote_active":false,"_monsterinsights_sitenote_note":"","_monsterinsights_sitenote_category":0,"jnews-multi-image_gallery":[],"jnews_single_post":{"format":"standard"},"jnews_primary_category":[],"footnotes":""},"categories":[1],"tags":[],"class_list":["post-93776","post","type-post","status-publish","format-standard","has-post-thumbnail","hentry","category-uncategorized"],"aioseo_notices":[],"_links":{"self":[{"href":"https:\/\/estado29.mx\/index.php?rest_route=\/wp\/v2\/posts\/93776","targetHints":{"allow":["GET"]}}],"collection":[{"href":"https:\/\/estado29.mx\/index.php?rest_route=\/wp\/v2\/posts"}],"about":[{"href":"https:\/\/estado29.mx\/index.php?rest_route=\/wp\/v2\/types\/post"}],"author":[{"embeddable":true,"href":"https:\/\/estado29.mx\/index.php?rest_route=\/wp\/v2\/users\/7"}],"replies":[{"embeddable":true,"href":"https:\/\/estado29.mx\/index.php?rest_route=%2Fwp%2Fv2%2Fcomments&post=93776"}],"version-history":[{"count":1,"href":"https:\/\/estado29.mx\/index.php?rest_route=\/wp\/v2\/posts\/93776\/revisions"}],"predecessor-version":[{"id":93781,"href":"https:\/\/estado29.mx\/index.php?rest_route=\/wp\/v2\/posts\/93776\/revisions\/93781"}],"wp:featuredmedia":[{"embeddable":true,"href":"https:\/\/estado29.mx\/index.php?rest_route=\/wp\/v2\/media\/93777"}],"wp:attachment":[{"href":"https:\/\/estado29.mx\/index.php?rest_route=%2Fwp%2Fv2%2Fmedia&parent=93776"}],"wp:term":[{"taxonomy":"category","embeddable":true,"href":"https:\/\/estado29.mx\/index.php?rest_route=%2Fwp%2Fv2%2Fcategories&post=93776"},{"taxonomy":"post_tag","embeddable":true,"href":"https:\/\/estado29.mx\/index.php?rest_route=%2Fwp%2Fv2%2Ftags&post=93776"}],"curies":[{"name":"wp","href":"https:\/\/api.w.org\/{rel}","templated":true}]}}