{"id":93785,"date":"2025-02-28T18:37:33","date_gmt":"2025-02-28T18:37:33","guid":{"rendered":"https:\/\/estado29.mx\/?p=93785"},"modified":"2025-02-28T18:37:34","modified_gmt":"2025-02-28T18:37:34","slug":"gobierno-de-mexico-anuncia-la-construccion-de-160-mil-336-viviendas-entre-febrero-y-junio-de-2025-como-parte-del-programa-de-vivienda-para-el-bienestar","status":"publish","type":"post","link":"https:\/\/estado29.mx\/?p=93785","title":{"rendered":"Gobierno de M\u00e9xico anuncia la construcci\u00f3n de 160 mil 336 viviendas entre febrero y junio de 2025 como parte del programa de vivienda para el Bienestar"},"content":{"rendered":"<figure class=\"wp-block-post-featured-image\"><img loading=\"lazy\" decoding=\"async\" width=\"1600\" height=\"1064\" src=\"https:\/\/estado29.mx\/wp-content\/uploads\/2025\/02\/WhatsApp-Image-2025-02-28-at-9.56.10-AM.jpeg\" class=\"attachment-post-thumbnail size-post-thumbnail wp-post-image\" alt=\"\" style=\"object-fit:cover;\" srcset=\"https:\/\/estado29.mx\/wp-content\/uploads\/2025\/02\/WhatsApp-Image-2025-02-28-at-9.56.10-AM.jpeg 1600w, https:\/\/estado29.mx\/wp-content\/uploads\/2025\/02\/WhatsApp-Image-2025-02-28-at-9.56.10-AM-300x200.jpeg 300w, https:\/\/estado29.mx\/wp-content\/uploads\/2025\/02\/WhatsApp-Image-2025-02-28-at-9.56.10-AM-1024x681.jpeg 1024w, https:\/\/estado29.mx\/wp-content\/uploads\/2025\/02\/WhatsApp-Image-2025-02-28-at-9.56.10-AM-768x511.jpeg 768w, https:\/\/estado29.mx\/wp-content\/uploads\/2025\/02\/WhatsApp-Image-2025-02-28-at-9.56.10-AM-1536x1021.jpeg 1536w, https:\/\/estado29.mx\/wp-content\/uploads\/2025\/02\/WhatsApp-Image-2025-02-28-at-9.56.10-AM-750x499.jpeg 750w, https:\/\/estado29.mx\/wp-content\/uploads\/2025\/02\/WhatsApp-Image-2025-02-28-at-9.56.10-AM-1140x758.jpeg 1140w\" sizes=\"auto, (max-width: 1600px) 100vw, 1600px\" \/><\/figure>\n\n\n<ul class=\"wp-block-list\">\n<li>\u201cEste es el programa de vivienda que va avanzando muy bien\u201d, destac\u00f3 la Presidenta de M\u00e9xico<\/li>\n\n\n\n<li>En febrero comenz\u00f3 la construcci\u00f3n 21 mil 375; mientras que en marzo iniciar\u00e1n obras para 21 mil 258; en abril, 57 mil 423; en mayo, 52 mil 980; y en junio 7 mil 300.<\/li>\n\n\n\n<li>La Conavi construir\u00e1 86 mil 556 viviendas y el Infonavit 73 mil 780 viviendas<\/li>\n\n\n\n<li>Con la reforma a la Ley del Infonavit ya se logr\u00f3 el congelamiento de 4 millones de cr\u00e9ditos<\/li>\n<\/ul>\n\n\n\n<p>El Gobierno de M\u00e9xico, a trav\u00e9s de la Secretar\u00eda de Desarrollo Agrario, Territorial y Urbano (Sedatu), anunci\u00f3 que como parte del Programa Nacional de Vivienda para el Bienestar se construir\u00e1n 160 mil 336 viviendas, cuyas obras ya comenzaron en febrero y continuar\u00e1n hasta junio del 2025.<\/p>\n\n\n\n<p>Al respecto, la Presidenta de M\u00e9xico Claudia Sheinbaum Pardo destac\u00f3 que el programa de vivienda avanza muy bien.<\/p>\n\n\n\n<p>\u201cEste es el programa de vivienda que va avanzando muy bien\u201d, asever\u00f3<\/p>\n\n\n\n<p>La titular de Sedatu, Edna Elena Vega Rangel, precis\u00f3 que de las 160 mil 336 viviendas que se van a construir, en febrero inici\u00f3 la construcci\u00f3n 21 mil 375; en marzo 21 mil 258; y en abril 57 mil 423; en mayo 52 mil 980; en junio 7 mil 300.<\/p>\n\n\n\n<p>Destac\u00f3 que ya se realiz\u00f3 la asignaci\u00f3n de 338 predios viables para vivienda, de los cuales 142 ser\u00e1n de la Comisi\u00f3n Nacional de Vivienda (Conavi), 110 para el Instituto del Fondo Nacional de la Vivienda para los Trabajadores (Infonavit); 24 compartidos, 62 por asignar. Estos predios significan 2 mil 584 hect\u00e1reas con capacidad para m\u00e1s de 400 mil viviendas, de las cuales ya se puso la primera piedra en diversas zonas.<\/p>\n\n\n\n<p>Asimismo, en abril el Infonavit otorgar\u00e1 suspensiones en los pagos sin generar intereses cuando el trabajador pierda el empleo habr\u00e1 pr\u00f3rroga hasta por 12 meses continu\u00f3 y se beneficiar\u00e1n con este mecanismo al menos a 100 mil acreditados de manera mensual.<\/p>\n","protected":false},"excerpt":{"rendered":"<p>El Gobierno de M\u00e9xico, a trav\u00e9s de la Secretar\u00eda de Desarrollo Agrario, Territorial y Urbano (Sedatu), anunci\u00f3 que como parte del Programa Nacional de Vivienda para el Bienestar se construir\u00e1n 160 mil 336 viviendas, cuyas obras ya comenzaron en febrero y continuar\u00e1n hasta junio del 2025. Al respecto, la Presidenta de M\u00e9xico Claudia Sheinbaum Pardo [&hellip;]<\/p>\n","protected":false},"author":4,"featured_media":93786,"comment_status":"open","ping_status":"open","sticky":false,"template":"","format":"standard","meta":{"om_disable_all_campaigns":false,"_monsterinsights_skip_tracking":false,"_monsterinsights_sitenote_active":false,"_monsterinsights_sitenote_note":"","_monsterinsights_sitenote_category":0,"jnews-multi-image_gallery":[],"jnews_single_post":{"format":"standard"},"jnews_primary_category":[],"footnotes":""},"categories":[1],"tags":[],"class_list":["post-93785","post","type-post","status-publish","format-standard","has-post-thumbnail","hentry","category-uncategorized"],"aioseo_notices":[],"_links":{"self":[{"href":"https:\/\/estado29.mx\/index.php?rest_route=\/wp\/v2\/posts\/93785","targetHints":{"allow":["GET"]}}],"collection":[{"href":"https:\/\/estado29.mx\/index.php?rest_route=\/wp\/v2\/posts"}],"about":[{"href":"https:\/\/estado29.mx\/index.php?rest_route=\/wp\/v2\/types\/post"}],"author":[{"embeddable":true,"href":"https:\/\/estado29.mx\/index.php?rest_route=\/wp\/v2\/users\/4"}],"replies":[{"embeddable":true,"href":"https:\/\/estado29.mx\/index.php?rest_route=%2Fwp%2Fv2%2Fcomments&post=93785"}],"version-history":[{"count":1,"href":"https:\/\/estado29.mx\/index.php?rest_route=\/wp\/v2\/posts\/93785\/revisions"}],"predecessor-version":[{"id":93787,"href":"https:\/\/estado29.mx\/index.php?rest_route=\/wp\/v2\/posts\/93785\/revisions\/93787"}],"wp:featuredmedia":[{"embeddable":true,"href":"https:\/\/estado29.mx\/index.php?rest_route=\/wp\/v2\/media\/93786"}],"wp:attachment":[{"href":"https:\/\/estado29.mx\/index.php?rest_route=%2Fwp%2Fv2%2Fmedia&parent=93785"}],"wp:term":[{"taxonomy":"category","embeddable":true,"href":"https:\/\/estado29.mx\/index.php?rest_route=%2Fwp%2Fv2%2Fcategories&post=93785"},{"taxonomy":"post_tag","embeddable":true,"href":"https:\/\/estado29.mx\/index.php?rest_route=%2Fwp%2Fv2%2Ftags&post=93785"}],"curies":[{"name":"wp","href":"https:\/\/api.w.org\/{rel}","templated":true}]}}