{"id":93814,"date":"2025-03-03T13:29:58","date_gmt":"2025-03-03T13:29:58","guid":{"rendered":"https:\/\/estado29.mx\/?p=93814"},"modified":"2025-03-03T13:29:59","modified_gmt":"2025-03-03T13:29:59","slug":"gobierno-de-tlaxcala-reconoce-labor-de-elementos-de-proteccion-civil","status":"publish","type":"post","link":"https:\/\/estado29.mx\/?p=93814","title":{"rendered":"Gobierno de Tlaxcala reconoce labor de elementos de protecci\u00f3n civil"},"content":{"rendered":"\n<p>*El estado conmemora el D\u00eda Internacional de Protecci\u00f3n Civil<\/p>\n\n\n\n<p>El Gobierno del Estado, a trav\u00e9s de la Coordinaci\u00f3n Estatal de Protecci\u00f3n Civil (CEPC), felicit\u00f3 y reconoci\u00f3 a todos los elementos que forman parte de este organismo encargado de la prevenci\u00f3n de desastres y atenci\u00f3n a la poblaci\u00f3n en situaciones de emergencia.<\/p>\n\n\n\n<p>Este 01 de marzo, se celebra el D\u00eda Internacional de Protecci\u00f3n Civil, con el objetivo de concientizar sobre la importancia de esta actividad y reconocer la labor esencial de los elementos encargados de la protecci\u00f3n civil en todo el mundo, adem\u00e1s de destacar la importancia que tienen las organizaciones y dependencias en todo el planeta, dedicadas a trabajar por bien de la poblaci\u00f3n.<\/p>\n\n\n\n<p>Por ello, el gobierno estatal destac\u00f3 la invaluable labor de quienes, con compromiso y vocaci\u00f3n de servicio, trabajan para salvaguardar la seguridad de la ciudadan\u00eda ante fen\u00f3menos naturales y situaciones de riesgo en la entidad.<\/p>\n\n\n\n<p>&#8220;Su preparaci\u00f3n, entrega y esfuerzo diario son fundamentales para fortalecer la cultura de la prevenci\u00f3n y la resiliencia en la sociedad&#8221;, enfatiz\u00f3.<\/p>\n\n\n\n<p>Al respecto, el titular de la CEPC, Juvencio Nieto Galicia, indic\u00f3 que &#8220;lo m\u00e1s importante para recordar en este d\u00eda es que todos debemos estar preparados ante cualquier emergencia&#8221;.<\/p>\n\n\n\n<p>Record\u00f3 que la cultura de la prevenci\u00f3n es la mejor defensa ante cualquier evento, por lo que &#8220;es fundamental que la poblaci\u00f3n, instituciones y empresas est\u00e9n preparadas para actuar de manera adecuada en situaciones de emergencia&#8221;.<\/p>\n\n\n\n<p>El funcionario asever\u00f3 que la CEPC trabaja continuamente en la capacitaci\u00f3n y actualizaci\u00f3n de su personal para responder de manera eficaz ante cualquier contingencia.<\/p>\n\n\n\n<p>Por ese motivo, exhort\u00f3 a dependencias, municipios y empresas a acercarse a la Coordinaci\u00f3n &#8220;para recibir capacitaciones sobre los principales temas de protecci\u00f3n civil, asegurando que cuenten con los conocimientos necesarios para prevenir y actuar en caso de alguna emergencia en su entorno&#8221;.<\/p>\n\n\n\n<p>De esta manera, la CEPC reafirma su compromiso de seguir impulsando estrategias de capacitaci\u00f3n, equipamiento y profesionalizaci\u00f3n para que los cuerpos de emergencia cuenten con las herramientas necesarias para actuar de manera efectiva ante cualquier eventualidad.<\/p>\n","protected":false},"excerpt":{"rendered":"<p>*El estado conmemora el D\u00eda Internacional de Protecci\u00f3n Civil El Gobierno del Estado, a trav\u00e9s de la Coordinaci\u00f3n Estatal de Protecci\u00f3n Civil (CEPC), felicit\u00f3 y reconoci\u00f3 a todos los elementos que forman parte de este organismo encargado de la prevenci\u00f3n de desastres y atenci\u00f3n a la poblaci\u00f3n en situaciones de emergencia. Este 01 de marzo, [&hellip;]<\/p>\n","protected":false},"author":4,"featured_media":93815,"comment_status":"open","ping_status":"open","sticky":false,"template":"","format":"standard","meta":{"om_disable_all_campaigns":false,"_monsterinsights_skip_tracking":false,"_monsterinsights_sitenote_active":false,"_monsterinsights_sitenote_note":"","_monsterinsights_sitenote_category":0,"jnews-multi-image_gallery":[],"jnews_single_post":{"format":"standard"},"jnews_primary_category":[],"footnotes":""},"categories":[1],"tags":[],"class_list":["post-93814","post","type-post","status-publish","format-standard","has-post-thumbnail","hentry","category-uncategorized"],"aioseo_notices":[],"_links":{"self":[{"href":"https:\/\/estado29.mx\/index.php?rest_route=\/wp\/v2\/posts\/93814","targetHints":{"allow":["GET"]}}],"collection":[{"href":"https:\/\/estado29.mx\/index.php?rest_route=\/wp\/v2\/posts"}],"about":[{"href":"https:\/\/estado29.mx\/index.php?rest_route=\/wp\/v2\/types\/post"}],"author":[{"embeddable":true,"href":"https:\/\/estado29.mx\/index.php?rest_route=\/wp\/v2\/users\/4"}],"replies":[{"embeddable":true,"href":"https:\/\/estado29.mx\/index.php?rest_route=%2Fwp%2Fv2%2Fcomments&post=93814"}],"version-history":[{"count":1,"href":"https:\/\/estado29.mx\/index.php?rest_route=\/wp\/v2\/posts\/93814\/revisions"}],"predecessor-version":[{"id":93816,"href":"https:\/\/estado29.mx\/index.php?rest_route=\/wp\/v2\/posts\/93814\/revisions\/93816"}],"wp:featuredmedia":[{"embeddable":true,"href":"https:\/\/estado29.mx\/index.php?rest_route=\/wp\/v2\/media\/93815"}],"wp:attachment":[{"href":"https:\/\/estado29.mx\/index.php?rest_route=%2Fwp%2Fv2%2Fmedia&parent=93814"}],"wp:term":[{"taxonomy":"category","embeddable":true,"href":"https:\/\/estado29.mx\/index.php?rest_route=%2Fwp%2Fv2%2Fcategories&post=93814"},{"taxonomy":"post_tag","embeddable":true,"href":"https:\/\/estado29.mx\/index.php?rest_route=%2Fwp%2Fv2%2Ftags&post=93814"}],"curies":[{"name":"wp","href":"https:\/\/api.w.org\/{rel}","templated":true}]}}