{"id":93817,"date":"2025-03-03T13:31:48","date_gmt":"2025-03-03T13:31:48","guid":{"rendered":"https:\/\/estado29.mx\/?p=93817"},"modified":"2025-03-03T13:31:48","modified_gmt":"2025-03-03T13:31:48","slug":"fortalece-gobierno-del-estado-la-salud-bucal-de-la-poblacion","status":"publish","type":"post","link":"https:\/\/estado29.mx\/?p=93817","title":{"rendered":"Fortalece gobierno del estado la salud bucal de la poblaci\u00f3n"},"content":{"rendered":"\n<p>*Durante 2024, la Sesa invirti\u00f3 en equipos m\u00e9dicos, personal e infraestructura para beneficio de las y los tlaxcaltecas<\/p>\n\n\n\n<p>Al conmemorar el D\u00eda del Odont\u00f3logo, la Secretar\u00eda de Salud (SESA) de Tlaxcala afirm\u00f3 que, en los \u00faltimos a\u00f1os, la gobernadora Lorena Cu\u00e9llar Cisneros ha fortalecido la atenci\u00f3n en salud bucal para beneficio de la poblaci\u00f3n.<\/p>\n\n\n\n<p>De 2021 a la fecha, a trav\u00e9s del Sector Salud, ha otorgado contratos base a 34 odont\u00f3logos del programa IMSS-Bienestar, y seis odont\u00f3logos fueron basificados por el OPD IMSS BIENESTAR, ampliando la cobertura al servicio de estomatolog\u00eda en jornadas vespertinas y jornadas de mi\u00e9rcoles a domingos, a fin de ampliar los servicios m\u00e9dicos y atenci\u00f3n de la poblaci\u00f3n tlaxcalteca.<\/p>\n\n\n\n<p>Ante la asistencia de 201 odont\u00f3logos que se reunieron para conmemorar su d\u00eda, el director de atenci\u00f3n primaria del Sector Salud, Hugo Celis Galicia, dijo que, en el a\u00f1o pasado, la administraci\u00f3n encabezada por la gobernadora Lorena Cu\u00e9llar tambi\u00e9n compr\u00f3 equipos e instrumental dental con un monto de 338 mil 990.70 pesos.<\/p>\n\n\n\n<p>Tambi\u00e9n instrumental con una inversi\u00f3n de 189 mil 582.74 pesos para especialidad de pediatr\u00eda y endodoncia, y equipo por la cantidad de 149 mil 408.00 pesos para l\u00e1mparas de fotocurado, cavitrones y piezas de mano de alta velocidad.<\/p>\n\n\n\n<p>Celis Galicia asever\u00f3 que estas acciones se ven reflejadas en la mejora de la atenci\u00f3n m\u00e9dica que se otorga a la poblaci\u00f3n de los 60 municipios del estado que no cuentan con seguridad social.<\/p>\n\n\n\n<p>Observ\u00f3 que la caries dental y las enfermedades periodontales son consideradas de mayor prevalencia, afectando en la actualidad al 60 y 90 por ciento en la poblaci\u00f3n escolar y resto de todos los grupos de edad.<\/p>\n\n\n\n<p>Adem\u00e1s, abund\u00f3, se ha demostrado que las enfermedades bucales tienen una correlaci\u00f3n en pacientes embarazadas, pacientes con enfermedades cr\u00f3nico degenerativas y con problemas cardiacos.<\/p>\n\n\n\n<p>Debido a que son un factor de riesgo, la SESA diariamente trabaja para realizar acciones de promoci\u00f3n y prevenci\u00f3n, optimizando as\u00ed gastos financieros en el sector y en la econom\u00eda del usuario que solicita el servicio odontol\u00f3gico, ya que los tratamientos dentales restaurativos resultan ser de alto costo.<\/p>\n\n\n\n<p>La salud bucal es considerada como un indicador clave de la salud, bienestar y calidad de vida de las personas, de ah\u00ed la importancia de mantener y gozar de una buena salud bucal en todos los grupos de edad, priorizando a los grupos vulnerables, como pacientes embarazadas, con enfermedades cr\u00f3nico-degenerativas, adultos mayores, menores de 5 a\u00f1os y poblaci\u00f3n ind\u00edgena.<\/p>\n\n\n\n<p>En su intervenci\u00f3n, la responsable del programa de salud bucal de la SESA inform\u00f3 que existen 201 m\u00e9dicos odont\u00f3logos en el Sector Salud, de los cuales 10 realizan funciones administrativas y el resto, 191, son quienes brindan atenci\u00f3n m\u00e9dica a la poblaci\u00f3n tlaxcalteca en las Unidades de Atenci\u00f3n Primaria y Hospitales del estado.<\/p>\n\n\n\n<p>Durante el evento conmemorativo, autoridades del Sector Salud entregaron reconocimientos al personal odontol\u00f3gico de las Jurisdicciones Sanitarias, as\u00ed como de Unidades M\u00e9dicas.<\/p>\n","protected":false},"excerpt":{"rendered":"<p>*Durante 2024, la Sesa invirti\u00f3 en equipos m\u00e9dicos, personal e infraestructura para beneficio de las y los tlaxcaltecas Al conmemorar el D\u00eda del Odont\u00f3logo, la Secretar\u00eda de Salud (SESA) de Tlaxcala afirm\u00f3 que, en los \u00faltimos a\u00f1os, la gobernadora Lorena Cu\u00e9llar Cisneros ha fortalecido la atenci\u00f3n en salud bucal para beneficio de la poblaci\u00f3n. De [&hellip;]<\/p>\n","protected":false},"author":4,"featured_media":93818,"comment_status":"open","ping_status":"open","sticky":false,"template":"","format":"standard","meta":{"om_disable_all_campaigns":false,"_monsterinsights_skip_tracking":false,"_monsterinsights_sitenote_active":false,"_monsterinsights_sitenote_note":"","_monsterinsights_sitenote_category":0,"jnews-multi-image_gallery":[],"jnews_single_post":{"format":"standard"},"jnews_primary_category":[],"footnotes":""},"categories":[1],"tags":[],"class_list":["post-93817","post","type-post","status-publish","format-standard","has-post-thumbnail","hentry","category-uncategorized"],"aioseo_notices":[],"_links":{"self":[{"href":"https:\/\/estado29.mx\/index.php?rest_route=\/wp\/v2\/posts\/93817","targetHints":{"allow":["GET"]}}],"collection":[{"href":"https:\/\/estado29.mx\/index.php?rest_route=\/wp\/v2\/posts"}],"about":[{"href":"https:\/\/estado29.mx\/index.php?rest_route=\/wp\/v2\/types\/post"}],"author":[{"embeddable":true,"href":"https:\/\/estado29.mx\/index.php?rest_route=\/wp\/v2\/users\/4"}],"replies":[{"embeddable":true,"href":"https:\/\/estado29.mx\/index.php?rest_route=%2Fwp%2Fv2%2Fcomments&post=93817"}],"version-history":[{"count":1,"href":"https:\/\/estado29.mx\/index.php?rest_route=\/wp\/v2\/posts\/93817\/revisions"}],"predecessor-version":[{"id":93819,"href":"https:\/\/estado29.mx\/index.php?rest_route=\/wp\/v2\/posts\/93817\/revisions\/93819"}],"wp:featuredmedia":[{"embeddable":true,"href":"https:\/\/estado29.mx\/index.php?rest_route=\/wp\/v2\/media\/93818"}],"wp:attachment":[{"href":"https:\/\/estado29.mx\/index.php?rest_route=%2Fwp%2Fv2%2Fmedia&parent=93817"}],"wp:term":[{"taxonomy":"category","embeddable":true,"href":"https:\/\/estado29.mx\/index.php?rest_route=%2Fwp%2Fv2%2Fcategories&post=93817"},{"taxonomy":"post_tag","embeddable":true,"href":"https:\/\/estado29.mx\/index.php?rest_route=%2Fwp%2Fv2%2Ftags&post=93817"}],"curies":[{"name":"wp","href":"https:\/\/api.w.org\/{rel}","templated":true}]}}