{"id":93832,"date":"2025-03-03T14:04:45","date_gmt":"2025-03-03T14:04:45","guid":{"rendered":"https:\/\/estado29.mx\/?p=93832"},"modified":"2025-03-03T14:04:48","modified_gmt":"2025-03-03T14:04:48","slug":"todo-un-exito-la-primera-carrera-de-la-mujer","status":"publish","type":"post","link":"https:\/\/estado29.mx\/?p=93832","title":{"rendered":"Todo un \u00e9xito la primera Carrera de la Mujer"},"content":{"rendered":"\n<p><\/p>\n\n\n\n<p>En un ambiente de emoci\u00f3n y uni\u00f3n, el gobernador Alejandro Armenta y la presidenta del Patronato del SEDIF, Ceci Arellano, dieron el banderazo de salida a m\u00e1s de 5 mil participantes en la Carrera por las Mujeres y la Igualdad, un evento recreativo que reuni\u00f3 a poblanas de todas las edades.<\/p>\n\n\n\n<p>Desde la Plaza de La Victoria, en la emblem\u00e1tica zona de Los Fuertes, las corredoras recorrieron las distancias de 5 y 10 kil\u00f3metros, enviando un mensaje poderoso de fortaleza y unidad.<\/p>\n\n\n\n<p>La carrera fue organizada por la Secretar\u00eda del Deporte y Juventud, encabezada por Gabriela S\u00e1nchez Saavedra, en coordinaci\u00f3n con la Secretar\u00eda de las Mujeres, y su titular Virginia Gonz\u00e1lez Melgarejo. Ambas dependencias unieron esfuerzos para promover el deporte como un espacio de inclusi\u00f3n y empoderamiento.<\/p>\n\n\n\n<p>Durante el evento, el gobernador Alejandro Armenta reafirm\u00f3 su compromiso con las mujeres poblanas, destacando que su administraci\u00f3n sigue la visi\u00f3n humanista de la presidenta Claudia Sheinbaum, bajo el principio de que en M\u00e9xico, primero las mujeres y de que el deporte es un motor de transformaci\u00f3n.<\/p>\n\n\n\n<p>Por su parte, la secretaria del Deporte y Juventud, destac\u00f3 la importancia de fomentar espacios deportivos donde las mujeres puedan expresarse con libertad y seguridad.<\/p>\n\n\n\n<p>Posteriormente, el mandatario se incorpor\u00f3 a la carrera rodando en bicicleta, junto a Gaby \u201cLa Bonita\u201d S\u00e1nchez y Michelle Talavera, directora de Parques y Convenciones.<\/p>\n\n\n\n<p>In\u00e9s Z\u00e1rate Gil y Raquel Varela fueron las participantes que llegaron en el primer lugar en las distancias de 5 y 10 kil\u00f3metros, respectivamente.<\/p>\n\n\n\n<p>En el evento estuvo presente la diputada local Mar\u00eda de la Barreda; la secretaria de Humanidades, Tecnolog\u00eda e Innovaci\u00f3n, Celina Pe\u00f1a Guzm\u00e1n; el titular de Salud, Carlos Olivier Pacheco; la subsecretaria de Juventud, Alexa Espidio y la titular del Instituto de Bienestar Animal, Michele Islas Ganime.<\/p>\n","protected":false},"excerpt":{"rendered":"<p>En un ambiente de emoci\u00f3n y uni\u00f3n, el gobernador Alejandro Armenta y la presidenta del Patronato del SEDIF, Ceci Arellano, dieron el banderazo de salida a m\u00e1s de 5 mil participantes en la Carrera por las Mujeres y la Igualdad, un evento recreativo que reuni\u00f3 a poblanas de todas las edades. Desde la Plaza de [&hellip;]<\/p>\n","protected":false},"author":4,"featured_media":93833,"comment_status":"open","ping_status":"open","sticky":false,"template":"","format":"standard","meta":{"om_disable_all_campaigns":false,"_monsterinsights_skip_tracking":false,"_monsterinsights_sitenote_active":false,"_monsterinsights_sitenote_note":"","_monsterinsights_sitenote_category":0,"jnews-multi-image_gallery":[],"jnews_single_post":{"format":"standard"},"jnews_primary_category":[],"footnotes":""},"categories":[1],"tags":[],"class_list":["post-93832","post","type-post","status-publish","format-standard","has-post-thumbnail","hentry","category-uncategorized"],"aioseo_notices":[],"_links":{"self":[{"href":"https:\/\/estado29.mx\/index.php?rest_route=\/wp\/v2\/posts\/93832","targetHints":{"allow":["GET"]}}],"collection":[{"href":"https:\/\/estado29.mx\/index.php?rest_route=\/wp\/v2\/posts"}],"about":[{"href":"https:\/\/estado29.mx\/index.php?rest_route=\/wp\/v2\/types\/post"}],"author":[{"embeddable":true,"href":"https:\/\/estado29.mx\/index.php?rest_route=\/wp\/v2\/users\/4"}],"replies":[{"embeddable":true,"href":"https:\/\/estado29.mx\/index.php?rest_route=%2Fwp%2Fv2%2Fcomments&post=93832"}],"version-history":[{"count":1,"href":"https:\/\/estado29.mx\/index.php?rest_route=\/wp\/v2\/posts\/93832\/revisions"}],"predecessor-version":[{"id":93834,"href":"https:\/\/estado29.mx\/index.php?rest_route=\/wp\/v2\/posts\/93832\/revisions\/93834"}],"wp:featuredmedia":[{"embeddable":true,"href":"https:\/\/estado29.mx\/index.php?rest_route=\/wp\/v2\/media\/93833"}],"wp:attachment":[{"href":"https:\/\/estado29.mx\/index.php?rest_route=%2Fwp%2Fv2%2Fmedia&parent=93832"}],"wp:term":[{"taxonomy":"category","embeddable":true,"href":"https:\/\/estado29.mx\/index.php?rest_route=%2Fwp%2Fv2%2Fcategories&post=93832"},{"taxonomy":"post_tag","embeddable":true,"href":"https:\/\/estado29.mx\/index.php?rest_route=%2Fwp%2Fv2%2Ftags&post=93832"}],"curies":[{"name":"wp","href":"https:\/\/api.w.org\/{rel}","templated":true}]}}