{"id":93836,"date":"2025-03-03T15:58:35","date_gmt":"2025-03-03T15:58:35","guid":{"rendered":"https:\/\/estado29.mx\/?p=93836"},"modified":"2025-03-03T15:58:35","modified_gmt":"2025-03-03T15:58:35","slug":"localizan-en-puebla-con-vida-a-mujer-tlaxcalteca-reportada-como-desaparecida-en-oaxaca","status":"publish","type":"post","link":"https:\/\/estado29.mx\/?p=93836","title":{"rendered":"Localizan en Puebla con vida a mujer tlaxcalteca reportada como desaparecida en Oaxaca."},"content":{"rendered":"\n<p>Esta ma\u00f1ana la Fiscal\u00eda General del Estado de Oaxaca (FGEO) recibi\u00f3 la denuncias de 4 personas reportadas como desaparecidas originarias de Tlaxcala.<\/p>\n\n\n\n<p>El caso fue remitido a la Unidad de Personas No Localizadas (DNOL) y la Unidad de B\u00fasqueda de Personas desaparecidas de la Vicefiscal\u00eda General de Atenci\u00f3n a V\u00edctimas y la Sociedad, con el apoyo de la Vicefiscal\u00eda Regional de la Costa y la Agencia Estatal.<\/p>\n\n\n\n<p>De acuerdo con las denuncias recibidas, Angie Lizeth P\u00e9rez Garc\u00eda y Brenda Mariel Salas Moya fueron vistas por \u00faltima vez el 27 de febrero de 2025, en Santa Mar\u00eda Huatulco. Viajaban a bordo de un veh\u00edculo Ford Fiesta de 2016, con placas de circulaci\u00f3n del Estado de Yucat\u00e1n.<\/p>\n\n\n\n<p>Gracias a la intervenci\u00f3n oportuna y la inmediata activaci\u00f3n de protocolos de b\u00fasqueda, fue posible dar con el paradero con vida de Brenda Mariel N., quien fue localizada en el Estado de Puebla.<\/p>\n\n\n\n<p>En tanto que, Ra\u00fal Emmanuel Gonz\u00e1lez Lozano y Noem\u00ed Yamileth L\u00f3pez Moratilla, fueron vistos por \u00faltima vez el 28 de febrero de 2025, en la playa de Zipolite, en San Pedro Pochutla.<\/p>\n\n\n\n<p>La Fiscal\u00eda de Oaxaca cuenta con equipos especializados de b\u00fasqueda enfocados en labores de rastreo basados en trabajos de multidisciplinarios y de an\u00e1lisis de contexto, adem\u00e1s de establecer los canales de colaboraci\u00f3n interinstitucional para agotar los recursos que permitan dar con el paradero de las v\u00edctimas.<\/p>\n","protected":false},"excerpt":{"rendered":"<p>Esta ma\u00f1ana la Fiscal\u00eda General del Estado de Oaxaca (FGEO) recibi\u00f3 la denuncias de 4 personas reportadas como desaparecidas originarias de Tlaxcala. El caso fue remitido a la Unidad de Personas No Localizadas (DNOL) y la Unidad de B\u00fasqueda de Personas desaparecidas de la Vicefiscal\u00eda General de Atenci\u00f3n a V\u00edctimas y la Sociedad, con el [&hellip;]<\/p>\n","protected":false},"author":5,"featured_media":93837,"comment_status":"open","ping_status":"open","sticky":false,"template":"","format":"standard","meta":{"om_disable_all_campaigns":false,"_monsterinsights_skip_tracking":false,"_monsterinsights_sitenote_active":false,"_monsterinsights_sitenote_note":"","_monsterinsights_sitenote_category":0,"jnews-multi-image_gallery":[],"jnews_single_post":{"format":"standard"},"jnews_primary_category":[],"footnotes":""},"categories":[1],"tags":[],"class_list":["post-93836","post","type-post","status-publish","format-standard","has-post-thumbnail","hentry","category-uncategorized"],"aioseo_notices":[],"_links":{"self":[{"href":"https:\/\/estado29.mx\/index.php?rest_route=\/wp\/v2\/posts\/93836","targetHints":{"allow":["GET"]}}],"collection":[{"href":"https:\/\/estado29.mx\/index.php?rest_route=\/wp\/v2\/posts"}],"about":[{"href":"https:\/\/estado29.mx\/index.php?rest_route=\/wp\/v2\/types\/post"}],"author":[{"embeddable":true,"href":"https:\/\/estado29.mx\/index.php?rest_route=\/wp\/v2\/users\/5"}],"replies":[{"embeddable":true,"href":"https:\/\/estado29.mx\/index.php?rest_route=%2Fwp%2Fv2%2Fcomments&post=93836"}],"version-history":[{"count":1,"href":"https:\/\/estado29.mx\/index.php?rest_route=\/wp\/v2\/posts\/93836\/revisions"}],"predecessor-version":[{"id":93838,"href":"https:\/\/estado29.mx\/index.php?rest_route=\/wp\/v2\/posts\/93836\/revisions\/93838"}],"wp:featuredmedia":[{"embeddable":true,"href":"https:\/\/estado29.mx\/index.php?rest_route=\/wp\/v2\/media\/93837"}],"wp:attachment":[{"href":"https:\/\/estado29.mx\/index.php?rest_route=%2Fwp%2Fv2%2Fmedia&parent=93836"}],"wp:term":[{"taxonomy":"category","embeddable":true,"href":"https:\/\/estado29.mx\/index.php?rest_route=%2Fwp%2Fv2%2Fcategories&post=93836"},{"taxonomy":"post_tag","embeddable":true,"href":"https:\/\/estado29.mx\/index.php?rest_route=%2Fwp%2Fv2%2Ftags&post=93836"}],"curies":[{"name":"wp","href":"https:\/\/api.w.org\/{rel}","templated":true}]}}