{"id":93845,"date":"2025-03-03T23:38:00","date_gmt":"2025-03-03T23:38:00","guid":{"rendered":"https:\/\/estado29.mx\/?p=93845"},"modified":"2025-03-04T02:21:11","modified_gmt":"2025-03-04T02:21:11","slug":"desaparecen-mas-de-200-armas-de-la-fiscalia-de-tlaxcala","status":"publish","type":"post","link":"https:\/\/estado29.mx\/?p=93845","title":{"rendered":"Presuntamente desaparecen m\u00e1s de 200 armas de la Fiscal\u00eda de Tlaxcala."},"content":{"rendered":"\n<p>Paco Ugarte.<\/p>\n\n\n\n<p>Durante el proceso de transici\u00f3n de la Procuradur\u00eda General de Justicia del Estado de Tlaxcala a la ahora Fiscal\u00eda General de Justicia, \u201cdesaparecieron\u201d m\u00e1s de 200 armas de fuego que se ten\u00eda registrado.<\/p>\n\n\n\n<p>En informaci\u00f3n extraoficial se sabe que que hasta el momento no hay indicios de qui\u00e9n o qui\u00e9nes podr\u00edan estar involucrados en estos actos, lo que se pone en evidencia la falta de protocolos para poder realizar el cambio administrativo.<\/p>\n\n\n\n<p>A pesar de que la informaci\u00f3n se ha filtrado no ha existido alg\u00fan comunicado o posicionamiento oficial por parte de la dependencia o el Gobierno del Estado de Tlaxcala.<\/p>\n\n\n\n<p>Tampoco se han activado protocolos de revisi\u00f3n en las instalaciones del inmueble, ni se ha logrado dar con el paradero del armamento, siendo una inc\u00f3gnita.<\/p>\n\n\n\n<p>Hasta el momento no se han tomado medidas al interior de la Fiscal\u00eda General de Justicia del Estado de Tlaxcala, en tanto la inc\u00f3gnita contin\u00faa del paradero de estas armas y sobre todo el fin de las mismas.<\/p>\n","protected":false},"excerpt":{"rendered":"<p>Paco Ugarte. Durante el proceso de transici\u00f3n de la Procuradur\u00eda General de Justicia del Estado de Tlaxcala a la ahora Fiscal\u00eda General de Justicia, \u201cdesaparecieron\u201d m\u00e1s de 200 armas de fuego que se ten\u00eda registrado. En informaci\u00f3n extraoficial se sabe que que hasta el momento no hay indicios de qui\u00e9n o qui\u00e9nes podr\u00edan estar involucrados [&hellip;]<\/p>\n","protected":false},"author":5,"featured_media":93846,"comment_status":"open","ping_status":"open","sticky":false,"template":"","format":"standard","meta":{"om_disable_all_campaigns":false,"_monsterinsights_skip_tracking":false,"_monsterinsights_sitenote_active":false,"_monsterinsights_sitenote_note":"","_monsterinsights_sitenote_category":0,"jnews-multi-image_gallery":[],"jnews_single_post":{"format":"standard"},"jnews_primary_category":[],"footnotes":""},"categories":[1],"tags":[],"class_list":["post-93845","post","type-post","status-publish","format-standard","has-post-thumbnail","hentry","category-uncategorized"],"aioseo_notices":[],"_links":{"self":[{"href":"https:\/\/estado29.mx\/index.php?rest_route=\/wp\/v2\/posts\/93845","targetHints":{"allow":["GET"]}}],"collection":[{"href":"https:\/\/estado29.mx\/index.php?rest_route=\/wp\/v2\/posts"}],"about":[{"href":"https:\/\/estado29.mx\/index.php?rest_route=\/wp\/v2\/types\/post"}],"author":[{"embeddable":true,"href":"https:\/\/estado29.mx\/index.php?rest_route=\/wp\/v2\/users\/5"}],"replies":[{"embeddable":true,"href":"https:\/\/estado29.mx\/index.php?rest_route=%2Fwp%2Fv2%2Fcomments&post=93845"}],"version-history":[{"count":2,"href":"https:\/\/estado29.mx\/index.php?rest_route=\/wp\/v2\/posts\/93845\/revisions"}],"predecessor-version":[{"id":93850,"href":"https:\/\/estado29.mx\/index.php?rest_route=\/wp\/v2\/posts\/93845\/revisions\/93850"}],"wp:featuredmedia":[{"embeddable":true,"href":"https:\/\/estado29.mx\/index.php?rest_route=\/wp\/v2\/media\/93846"}],"wp:attachment":[{"href":"https:\/\/estado29.mx\/index.php?rest_route=%2Fwp%2Fv2%2Fmedia&parent=93845"}],"wp:term":[{"taxonomy":"category","embeddable":true,"href":"https:\/\/estado29.mx\/index.php?rest_route=%2Fwp%2Fv2%2Fcategories&post=93845"},{"taxonomy":"post_tag","embeddable":true,"href":"https:\/\/estado29.mx\/index.php?rest_route=%2Fwp%2Fv2%2Ftags&post=93845"}],"curies":[{"name":"wp","href":"https:\/\/api.w.org\/{rel}","templated":true}]}}