{"id":93859,"date":"2025-03-04T02:47:15","date_gmt":"2025-03-04T02:47:15","guid":{"rendered":"https:\/\/estado29.mx\/?p=93859"},"modified":"2025-03-04T02:47:15","modified_gmt":"2025-03-04T02:47:15","slug":"invita-presidenta-de-smdif-huamantla-a-mujeres-a-conmemorar-dia-internacional-de-la-mujer-con-diversas-actividades-que-se-han-programado-dentro-de-este-marco","status":"publish","type":"post","link":"https:\/\/estado29.mx\/?p=93859","title":{"rendered":"Invita Presidenta de SMDIF Huamantla a mujeres a conmemorar D\u00eda Internacional de la Mujer con diversas actividades que se han programado dentro de este marco."},"content":{"rendered":"\n<p><br>La Presidenta del Sistema Municipal para el Desarrollo Integral de la Familia (SMDIF) en el municipio de Huamantla, Mar\u00eda del Roc\u00edo Hern\u00e1ndez Castillo, refiri\u00f3 que como parte de la cercan\u00eda Conmemoraci\u00f3n del D\u00eda Internacional de la Mujer, se tiene programada una serie de actividades en la cuales, se busca reconocer la labor que desempe\u00f1an d\u00eda a d\u00eda.<\/p>\n\n\n\n<p><br>La Presidenta del DIF, detall\u00f3 que este programa se realiza de forma conjunta con diversas \u00e1reas del ayuntamiento, con el objetivo de impulsar en las mujeres huamantlecas, a desarrollarse y crecer como personas dentro de la sociedad.<\/p>\n\n\n\n<p><br>La Presidenta del SMDIF de Huamantla, hizo extensa la invitaci\u00f3n a las mujeres de Huamantla, a participar en pl\u00e1ticas, activaci\u00f3n f\u00edsica, pl\u00e1ticas y conferencias que se tendr\u00e1n dentro de esta conmemoraci\u00f3n, las cuales se llevar\u00e1n a cabo del 6 al 9 de marzo del presente a\u00f1o.<\/p>\n\n\n<figure class=\"wp-block-post-featured-image\"><img loading=\"lazy\" decoding=\"async\" width=\"647\" height=\"808\" src=\"https:\/\/estado29.mx\/wp-content\/uploads\/2025\/03\/IMG-20250227-WA00212.jpg\" class=\"attachment-post-thumbnail size-post-thumbnail wp-post-image\" alt=\"\" style=\"object-fit:cover;\" srcset=\"https:\/\/estado29.mx\/wp-content\/uploads\/2025\/03\/IMG-20250227-WA00212.jpg 647w, https:\/\/estado29.mx\/wp-content\/uploads\/2025\/03\/IMG-20250227-WA00212-240x300.jpg 240w\" sizes=\"auto, (max-width: 647px) 100vw, 647px\" \/><\/figure>","protected":false},"excerpt":{"rendered":"<p>La Presidenta del Sistema Municipal para el Desarrollo Integral de la Familia (SMDIF) en el municipio de Huamantla, Mar\u00eda del Roc\u00edo Hern\u00e1ndez Castillo, refiri\u00f3 que como parte de la cercan\u00eda Conmemoraci\u00f3n del D\u00eda Internacional de la Mujer, se tiene programada una serie de actividades en la cuales, se busca reconocer la labor que desempe\u00f1an d\u00eda [&hellip;]<\/p>\n","protected":false},"author":7,"featured_media":93861,"comment_status":"open","ping_status":"open","sticky":false,"template":"","format":"standard","meta":{"om_disable_all_campaigns":false,"_monsterinsights_skip_tracking":false,"_monsterinsights_sitenote_active":false,"_monsterinsights_sitenote_note":"","_monsterinsights_sitenote_category":0,"jnews-multi-image_gallery":[],"jnews_single_post":{"format":"standard"},"jnews_primary_category":[],"footnotes":""},"categories":[1],"tags":[],"class_list":["post-93859","post","type-post","status-publish","format-standard","has-post-thumbnail","hentry","category-uncategorized"],"aioseo_notices":[],"_links":{"self":[{"href":"https:\/\/estado29.mx\/index.php?rest_route=\/wp\/v2\/posts\/93859","targetHints":{"allow":["GET"]}}],"collection":[{"href":"https:\/\/estado29.mx\/index.php?rest_route=\/wp\/v2\/posts"}],"about":[{"href":"https:\/\/estado29.mx\/index.php?rest_route=\/wp\/v2\/types\/post"}],"author":[{"embeddable":true,"href":"https:\/\/estado29.mx\/index.php?rest_route=\/wp\/v2\/users\/7"}],"replies":[{"embeddable":true,"href":"https:\/\/estado29.mx\/index.php?rest_route=%2Fwp%2Fv2%2Fcomments&post=93859"}],"version-history":[{"count":1,"href":"https:\/\/estado29.mx\/index.php?rest_route=\/wp\/v2\/posts\/93859\/revisions"}],"predecessor-version":[{"id":93862,"href":"https:\/\/estado29.mx\/index.php?rest_route=\/wp\/v2\/posts\/93859\/revisions\/93862"}],"wp:featuredmedia":[{"embeddable":true,"href":"https:\/\/estado29.mx\/index.php?rest_route=\/wp\/v2\/media\/93861"}],"wp:attachment":[{"href":"https:\/\/estado29.mx\/index.php?rest_route=%2Fwp%2Fv2%2Fmedia&parent=93859"}],"wp:term":[{"taxonomy":"category","embeddable":true,"href":"https:\/\/estado29.mx\/index.php?rest_route=%2Fwp%2Fv2%2Fcategories&post=93859"},{"taxonomy":"post_tag","embeddable":true,"href":"https:\/\/estado29.mx\/index.php?rest_route=%2Fwp%2Fv2%2Ftags&post=93859"}],"curies":[{"name":"wp","href":"https:\/\/api.w.org\/{rel}","templated":true}]}}