{"id":93883,"date":"2025-03-05T13:19:56","date_gmt":"2025-03-05T13:19:56","guid":{"rendered":"https:\/\/estado29.mx\/?p=93883"},"modified":"2025-03-05T13:20:01","modified_gmt":"2025-03-05T13:20:01","slug":"desarrollo-humano-uatx-conmemora-el-dia-de-las-familias-en-mexico-y-del-familiologo","status":"publish","type":"post","link":"https:\/\/estado29.mx\/?p=93883","title":{"rendered":"Desarrollo Humano UATx conmemora el \u00a0\u201cD\u00eda de las familias en M\u00e9xico y del famili\u00f3logo\u201d"},"content":{"rendered":"\n<p><\/p>\n\n\n\n<ul class=\"wp-block-list\">\n<li>Temas relevantes para visibilizar la importancia de la familia<\/li>\n<\/ul>\n\n\n\n<p>Con el prop\u00f3sito de fomentar una cultura favorable para las familias en el pa\u00eds, la Licenciatura en Ciencias de la Familia de la Facultad de Ciencias para el Desarrollo Humano de la Universidad Aut\u00f3noma de Tlaxcala (UATx) organiz\u00f3 un taller, charlas y actividades deportivas para conmemorar el \u201cD\u00eda de las familias en M\u00e9xico y del famili\u00f3logo\u201d.<\/p>\n\n\n\n<p>Reunidos en el Aula Magna \u201cMaestro Ra\u00fal Jim\u00e9nez Guill\u00e9n\u201d, ante estudiantes de la Licenciatura en Ciencias de la Familia y docentes, el Doctor Josu\u00e9 Antonio Camacho Candia, Director de la Facultad de Ciencias para el Desarrollo Humano, manifest\u00f3 que a trav\u00e9s de estos foros se pretende dotar a los estudiantes de los conocimientos necesarios para que tengan la capacidad de interactuar con las familias y apoyar en la b\u00fasqueda de alternativas de soluci\u00f3n a sus diversas problem\u00e1ticas, desde un enfoque humanista, aspecto que es esencial para lograr la inclusi\u00f3n de todas las personas y los diferentes sectores. &nbsp;&nbsp;&nbsp;<\/p>\n\n\n\n<p>Por su parte, la Maestra Valeria de Jes\u00fas Carro Abdala, Coordinadora de Ciencias de la Familia, reflexion\u00f3 que esta celebraci\u00f3n surge en M\u00e9xico para poder visibilizar y conocer la importancia que tienen las familias en la vida de los seres humanos y el impacto de esta profesi\u00f3n para fortalecer la c\u00e9lula familiar, por ello, subray\u00f3 que ante la importancia que este foro reviste se desarrolla por segunda ocasi\u00f3n para dar respuesta a las necesidades que se presentan en la pr\u00e1ctica profesional.<\/p>\n\n\n\n<p>En tanto, Estefan\u00eda Margarita Santiago, quien cursa el cuarto semestre en Ciencias de la Familia, al hacer una semblanza del D\u00eda de la Familia y &nbsp;del quehacer profesional de un famili\u00f3logo, expuso que este evento permite a los educandos compartir experiencias e ideas sobre la complejidad y riqueza de la familia, adem\u00e1s, podr\u00e1n explorar temas de relevancia en torno a la ciencia de la familia desde una perspectiva multidisciplinaria&nbsp; para analizar los procesos familiares y los factores que influyen en la din\u00e1mica familiar, entre otros.<\/p>\n\n\n\n<p>Las actividades iniciaron con el taller \u201cEl arte en los cuidados para la salud\u201d que impartieron las maestras M\u00f3nica del Arenan Mart\u00ednez y Silvia Mart\u00ednez del Campo Rangel, con el objetivo de dotar de herramientas a los estudiantes para la atenci\u00f3n de personas con padecimientos neurol\u00f3gicos: en el taller elaboraron un collage en el que se habl\u00f3 de la naturaleza, los amigos y la familia.<\/p>\n\n\n\n<p>Como parte de esta conmemoraci\u00f3n tambi\u00e9n se realizar\u00e1 la charla \u201cTejiendo comunidad, sembrando el buen vivir\u201d y se efectuar\u00e1 una ruta deportiva \u201cCon y desde nosotros\u201d.<\/p>\n","protected":false},"excerpt":{"rendered":"<p>Con el prop\u00f3sito de fomentar una cultura favorable para las familias en el pa\u00eds, la Licenciatura en Ciencias de la Familia de la Facultad de Ciencias para el Desarrollo Humano de la Universidad Aut\u00f3noma de Tlaxcala (UATx) organiz\u00f3 un taller, charlas y actividades deportivas para conmemorar el \u201cD\u00eda de las familias en M\u00e9xico y del [&hellip;]<\/p>\n","protected":false},"author":4,"featured_media":93887,"comment_status":"open","ping_status":"open","sticky":false,"template":"","format":"standard","meta":{"om_disable_all_campaigns":false,"_monsterinsights_skip_tracking":false,"_monsterinsights_sitenote_active":false,"_monsterinsights_sitenote_note":"","_monsterinsights_sitenote_category":0,"jnews-multi-image_gallery":[],"jnews_single_post":{"format":"standard"},"jnews_primary_category":[],"footnotes":""},"categories":[1],"tags":[],"class_list":["post-93883","post","type-post","status-publish","format-standard","has-post-thumbnail","hentry","category-uncategorized"],"aioseo_notices":[],"_links":{"self":[{"href":"https:\/\/estado29.mx\/index.php?rest_route=\/wp\/v2\/posts\/93883","targetHints":{"allow":["GET"]}}],"collection":[{"href":"https:\/\/estado29.mx\/index.php?rest_route=\/wp\/v2\/posts"}],"about":[{"href":"https:\/\/estado29.mx\/index.php?rest_route=\/wp\/v2\/types\/post"}],"author":[{"embeddable":true,"href":"https:\/\/estado29.mx\/index.php?rest_route=\/wp\/v2\/users\/4"}],"replies":[{"embeddable":true,"href":"https:\/\/estado29.mx\/index.php?rest_route=%2Fwp%2Fv2%2Fcomments&post=93883"}],"version-history":[{"count":1,"href":"https:\/\/estado29.mx\/index.php?rest_route=\/wp\/v2\/posts\/93883\/revisions"}],"predecessor-version":[{"id":93888,"href":"https:\/\/estado29.mx\/index.php?rest_route=\/wp\/v2\/posts\/93883\/revisions\/93888"}],"wp:featuredmedia":[{"embeddable":true,"href":"https:\/\/estado29.mx\/index.php?rest_route=\/wp\/v2\/media\/93887"}],"wp:attachment":[{"href":"https:\/\/estado29.mx\/index.php?rest_route=%2Fwp%2Fv2%2Fmedia&parent=93883"}],"wp:term":[{"taxonomy":"category","embeddable":true,"href":"https:\/\/estado29.mx\/index.php?rest_route=%2Fwp%2Fv2%2Fcategories&post=93883"},{"taxonomy":"post_tag","embeddable":true,"href":"https:\/\/estado29.mx\/index.php?rest_route=%2Fwp%2Fv2%2Ftags&post=93883"}],"curies":[{"name":"wp","href":"https:\/\/api.w.org\/{rel}","templated":true}]}}